{"id":1602,"date":"2020-11-26T16:45:02","date_gmt":"2020-11-26T19:45:02","guid":{"rendered":"https:\/\/wp.ufpel.edu.br\/famed\/?p=1602"},"modified":"2020-11-26T17:36:17","modified_gmt":"2020-11-26T20:36:17","slug":"podcast-ginecologicamente-falando-tem-sua-primeira-edicao","status":"publish","type":"post","link":"https:\/\/wp.ufpel.edu.br\/famed\/2020\/11\/26\/podcast-ginecologicamente-falando-tem-sua-primeira-edicao\/","title":{"rendered":"Podcast &#8220;Ginecologicamente Falando&#8221; tem sua primeira edi\u00e7\u00e3o"},"content":{"rendered":"<p class=\"v1MsoNormal\" style=\"text-align: justify\"><a href=\"https:\/\/wp.ufpel.edu.br\/famed\/files\/2020\/11\/ginecologimente-falando.jpeg\"><img class=\"wp-image-1610 alignleft\" src=\"https:\/\/wp.ufpel.edu.br\/famed\/files\/2020\/11\/ginecologimente-falando-1024x1024.jpeg\" alt=\"\" width=\"314\" height=\"315\" srcset=\"https:\/\/wp.ufpel.edu.br\/famed\/files\/2020\/11\/ginecologimente-falando-1024x1024.jpeg 1024w, https:\/\/wp.ufpel.edu.br\/famed\/files\/2020\/11\/ginecologimente-falando-400x400.jpeg 400w, https:\/\/wp.ufpel.edu.br\/famed\/files\/2020\/11\/ginecologimente-falando-200x200.jpeg 200w, https:\/\/wp.ufpel.edu.br\/famed\/files\/2020\/11\/ginecologimente-falando-768x768.jpeg 768w, https:\/\/wp.ufpel.edu.br\/famed\/files\/2020\/11\/ginecologimente-falando.jpeg 1280w\" sizes=\"(max-width: 314px) 100vw, 314px\" \/><\/a>O departamento de Ginecologia e Obstetr\u00edcia (GO) da Universidade Federal de Pelotas, atrav\u00e9s do professor Guilherme Lucas de Oliveira Bicca, apresenta a primeira edi\u00e7\u00e3o do podcast &#8220;Ginecologicamente Falando&#8221;.<\/p>\n<p class=\"v1MsoNormal\" style=\"text-align: justify\">O podcast dessa iniciativa tem por objetivo levar, de uma forma sucinta e divertida, temas importantes na forma\u00e7\u00e3o acad\u00eamica em GO, bem como, em determinadas edi\u00e7\u00f5es, proporcionar o conhecimento e novidades \u00e0 popula\u00e7\u00e3o geral sobre assuntos importantes no dia dia e na sa\u00fade da mulher.<\/p>\n<p class=\"v1MsoNormal\" style=\"text-align: justify\">Ser\u00e3o abordados temas importantes com diversos profissionais, para que todos possam escutar e se informar onde estiverem e quando desejarem.<\/p>\n<p class=\"v1MsoNormal\" style=\"text-align: justify\">O projeto de extens\u00e3o conta com apoio dos monitores da disciplina, e de outros alunos, que ser\u00e3o os entrevistadores.<\/p>\n<p class=\"v1MsoNormal\" style=\"text-align: justify\">Para acessar aos epis\u00f3dios, do \u201cGinecologicamente Falando\u201d, que est\u00e3o hospedados no Spotify &#8211; t\u00e3o logo em outras ferramentas &#8211; basta acessar ao link:\u00a0<a href=\"https:\/\/link.tospotify.com\/5lQMfPbBJbb\" target=\"_blank\" rel=\"noopener noreferrer\">https:\/\/link.tospotify.com\/5lQMfPbBJbb<\/a> .<\/p>\n<p>&nbsp;<\/p>\n","protected":false},"excerpt":{"rendered":"<p>O departamento de Ginecologia e Obstetr\u00edcia (GO) da Universidade Federal de Pelotas, atrav\u00e9s do professor Guilherme Lucas de Oliveira Bicca, apresenta a primeira edi\u00e7\u00e3o do podcast &#8220;Ginecologicamente Falando&#8221;. O podcast dessa iniciativa tem por objetivo levar, de uma forma sucinta e divertida, temas importantes na forma\u00e7\u00e3o acad\u00eamica em GO, bem como, em determinadas edi\u00e7\u00f5es, proporcionar [&hellip;]<\/p>\n","protected":false},"author":166,"featured_media":0,"comment_status":"closed","ping_status":"closed","sticky":false,"template":"","format":"standard","meta":{"jetpack_post_was_ever_published":false,"_jetpack_newsletter_access":"","_jetpack_dont_email_post_to_subs":false,"_jetpack_newsletter_tier_id":0,"_jetpack_memberships_contains_paywalled_content":false,"_jetpack_memberships_contains_paid_content":false,"footnotes":"","jetpack_publicize_message":"","jetpack_publicize_feature_enabled":true,"jetpack_social_post_already_shared":true,"jetpack_social_options":{"image_generator_settings":{"template":"highway","default_image_id":0,"font":"","enabled":false},"version":2}},"categories":[18],"tags":[],"class_list":["post-1602","post","type-post","status-publish","format-standard","hentry","category-noticias"],"jetpack_publicize_connections":[],"jetpack_featured_media_url":"","jetpack_sharing_enabled":true,"jetpack_shortlink":"https:\/\/wp.me\/p8YhqL-pQ","_links":{"self":[{"href":"https:\/\/wp.ufpel.edu.br\/famed\/wp-json\/wp\/v2\/posts\/1602","targetHints":{"allow":["GET"]}}],"collection":[{"href":"https:\/\/wp.ufpel.edu.br\/famed\/wp-json\/wp\/v2\/posts"}],"about":[{"href":"https:\/\/wp.ufpel.edu.br\/famed\/wp-json\/wp\/v2\/types\/post"}],"author":[{"embeddable":true,"href":"https:\/\/wp.ufpel.edu.br\/famed\/wp-json\/wp\/v2\/users\/166"}],"replies":[{"embeddable":true,"href":"https:\/\/wp.ufpel.edu.br\/famed\/wp-json\/wp\/v2\/comments?post=1602"}],"version-history":[{"count":6,"href":"https:\/\/wp.ufpel.edu.br\/famed\/wp-json\/wp\/v2\/posts\/1602\/revisions"}],"predecessor-version":[{"id":1612,"href":"https:\/\/wp.ufpel.edu.br\/famed\/wp-json\/wp\/v2\/posts\/1602\/revisions\/1612"}],"wp:attachment":[{"href":"https:\/\/wp.ufpel.edu.br\/famed\/wp-json\/wp\/v2\/media?parent=1602"}],"wp:term":[{"taxonomy":"category","embeddable":true,"href":"https:\/\/wp.ufpel.edu.br\/famed\/wp-json\/wp\/v2\/categories?post=1602"},{"taxonomy":"post_tag","embeddable":true,"href":"https:\/\/wp.ufpel.edu.br\/famed\/wp-json\/wp\/v2\/tags?post=1602"}],"curies":[{"name":"wp","href":"https:\/\/api.w.org\/{rel}","templated":true}]}}