{"id":1558,"date":"2020-11-23T11:48:37","date_gmt":"2020-11-23T14:48:37","guid":{"rendered":"https:\/\/wp.ufpel.edu.br\/famed\/?p=1558"},"modified":"2020-11-23T11:48:37","modified_gmt":"2020-11-23T14:48:37","slug":"i-simposio-consciencia-tem-cor-ou-mes","status":"publish","type":"post","link":"https:\/\/wp.ufpel.edu.br\/famed\/2020\/11\/23\/i-simposio-consciencia-tem-cor-ou-mes\/","title":{"rendered":"I Simp\u00f3sio \u201cConsci\u00eancia tem cor (ou m\u00eas?)\u201d"},"content":{"rendered":"<p><strong><a href=\"https:\/\/wp.ufpel.edu.br\/famed\/files\/2020\/11\/Principal_simposio.jpeg\"><img class=\"wp-image-1551 alignleft\" src=\"https:\/\/wp.ufpel.edu.br\/famed\/files\/2020\/11\/Principal_simposio-1024x1024.jpeg\" alt=\"\" width=\"226\" height=\"226\" srcset=\"https:\/\/wp.ufpel.edu.br\/famed\/files\/2020\/11\/Principal_simposio-1024x1024.jpeg 1024w, https:\/\/wp.ufpel.edu.br\/famed\/files\/2020\/11\/Principal_simposio-400x400.jpeg 400w, https:\/\/wp.ufpel.edu.br\/famed\/files\/2020\/11\/Principal_simposio-200x200.jpeg 200w, https:\/\/wp.ufpel.edu.br\/famed\/files\/2020\/11\/Principal_simposio-768x768.jpeg 768w, https:\/\/wp.ufpel.edu.br\/famed\/files\/2020\/11\/Principal_simposio.jpeg 1080w\" sizes=\"(max-width: 226px) 100vw, 226px\" \/><\/a>Os efeitos do racismo estrutural na sa\u00fade da popula\u00e7\u00e3o negra<\/strong><\/p>\n<p><strong>26 e 27 de novembro | Evento online<\/strong><\/p>\n<p>O evento abordar\u00e1 assuntos referentes aos efeitos do racismo estrutural na sa\u00fade da popula\u00e7\u00e3o negra no Brasil. Ser\u00e3o dois dias de palestras, com um total de 7 profissionais experientes no assunto e temas diversos a fim de conscientizar o m\u00e1ximo de alunos poss\u00edveis acerca da situa\u00e7\u00e3o da popula\u00e7\u00e3o negra na nossa sociedade.<\/p>\n<p>Links para o evento:<\/p>\n<p>Inscri\u00e7\u00e3o:<a href=\"https:\/\/www.even3.com.br\/simposiosaudenegra_ufpel\/\">\u00a0https:\/\/www.even3.com.br\/simposiosaudenegra_ufpel\/<\/a><\/p>\n<p>Mais informa\u00e7\u00f5es:<a href=\"https:\/\/www.instagram.com\/simposiosaudenegra\/?hl=pt-br\">\u00a0https:\/\/www.instagram.com\/simposiosaudenegra\/?hl=pt-br<\/a><\/p>\n<p>Realiza\u00e7\u00e3o: IFMSA Comit\u00ea Local UFPel (Federa\u00e7\u00e3o Internacional de Associa\u00e7\u00f5es de Estudantes de Medicina do Brasil) e LASPOVUS (Liga Acad\u00eamica de Sa\u00fade das Popula\u00e7\u00f5es Vulner\u00e1veis). Participe!<\/p>\n<p><a href=\"https:\/\/wp.ufpel.edu.br\/famed\/files\/2020\/11\/Funcionamento_simposio.jpeg\"><img class=\"alignnone wp-image-1552\" src=\"https:\/\/wp.ufpel.edu.br\/famed\/files\/2020\/11\/Funcionamento_simposio-1024x1024.jpeg\" alt=\"\" width=\"320\" height=\"320\" srcset=\"https:\/\/wp.ufpel.edu.br\/famed\/files\/2020\/11\/Funcionamento_simposio-1024x1024.jpeg 1024w, https:\/\/wp.ufpel.edu.br\/famed\/files\/2020\/11\/Funcionamento_simposio-400x400.jpeg 400w, https:\/\/wp.ufpel.edu.br\/famed\/files\/2020\/11\/Funcionamento_simposio-200x200.jpeg 200w, https:\/\/wp.ufpel.edu.br\/famed\/files\/2020\/11\/Funcionamento_simposio-768x768.jpeg 768w, https:\/\/wp.ufpel.edu.br\/famed\/files\/2020\/11\/Funcionamento_simposio.jpeg 1080w\" sizes=\"(max-width: 320px) 100vw, 320px\" \/><\/a><a href=\"https:\/\/wp.ufpel.edu.br\/famed\/files\/2020\/11\/Organizacao_simposio.jpeg\"><img class=\"alignnone wp-image-1553\" src=\"https:\/\/wp.ufpel.edu.br\/famed\/files\/2020\/11\/Organizacao_simposio-1024x1024.jpeg\" alt=\"\" width=\"320\" height=\"320\" srcset=\"https:\/\/wp.ufpel.edu.br\/famed\/files\/2020\/11\/Organizacao_simposio-1024x1024.jpeg 1024w, https:\/\/wp.ufpel.edu.br\/famed\/files\/2020\/11\/Organizacao_simposio-400x400.jpeg 400w, https:\/\/wp.ufpel.edu.br\/famed\/files\/2020\/11\/Organizacao_simposio-200x200.jpeg 200w, https:\/\/wp.ufpel.edu.br\/famed\/files\/2020\/11\/Organizacao_simposio-768x768.jpeg 768w, https:\/\/wp.ufpel.edu.br\/famed\/files\/2020\/11\/Organizacao_simposio.jpeg 1080w\" sizes=\"(max-width: 320px) 100vw, 320px\" \/><\/a><\/p>\n","protected":false},"excerpt":{"rendered":"<p>Os efeitos do racismo estrutural na sa\u00fade da popula\u00e7\u00e3o negra 26 e 27 de novembro | Evento online O evento abordar\u00e1 assuntos referentes aos efeitos do racismo estrutural na sa\u00fade da popula\u00e7\u00e3o negra no Brasil. Ser\u00e3o dois dias de palestras, com um total de 7 profissionais experientes no assunto e temas diversos a fim de [&hellip;]<\/p>\n","protected":false},"author":166,"featured_media":0,"comment_status":"closed","ping_status":"closed","sticky":false,"template":"","format":"standard","meta":{"jetpack_post_was_ever_published":false,"_jetpack_newsletter_access":"","_jetpack_dont_email_post_to_subs":false,"_jetpack_newsletter_tier_id":0,"_jetpack_memberships_contains_paywalled_content":false,"_jetpack_memberships_contains_paid_content":false,"footnotes":"","jetpack_publicize_message":"","jetpack_publicize_feature_enabled":true,"jetpack_social_post_already_shared":true,"jetpack_social_options":{"image_generator_settings":{"template":"highway","default_image_id":0,"font":"","enabled":false},"version":2}},"categories":[18],"tags":[],"class_list":["post-1558","post","type-post","status-publish","format-standard","hentry","category-noticias"],"jetpack_publicize_connections":[],"jetpack_featured_media_url":"","jetpack_sharing_enabled":true,"jetpack_shortlink":"https:\/\/wp.me\/p8YhqL-p8","_links":{"self":[{"href":"https:\/\/wp.ufpel.edu.br\/famed\/wp-json\/wp\/v2\/posts\/1558","targetHints":{"allow":["GET"]}}],"collection":[{"href":"https:\/\/wp.ufpel.edu.br\/famed\/wp-json\/wp\/v2\/posts"}],"about":[{"href":"https:\/\/wp.ufpel.edu.br\/famed\/wp-json\/wp\/v2\/types\/post"}],"author":[{"embeddable":true,"href":"https:\/\/wp.ufpel.edu.br\/famed\/wp-json\/wp\/v2\/users\/166"}],"replies":[{"embeddable":true,"href":"https:\/\/wp.ufpel.edu.br\/famed\/wp-json\/wp\/v2\/comments?post=1558"}],"version-history":[{"count":38,"href":"https:\/\/wp.ufpel.edu.br\/famed\/wp-json\/wp\/v2\/posts\/1558\/revisions"}],"predecessor-version":[{"id":1598,"href":"https:\/\/wp.ufpel.edu.br\/famed\/wp-json\/wp\/v2\/posts\/1558\/revisions\/1598"}],"wp:attachment":[{"href":"https:\/\/wp.ufpel.edu.br\/famed\/wp-json\/wp\/v2\/media?parent=1558"}],"wp:term":[{"taxonomy":"category","embeddable":true,"href":"https:\/\/wp.ufpel.edu.br\/famed\/wp-json\/wp\/v2\/categories?post=1558"},{"taxonomy":"post_tag","embeddable":true,"href":"https:\/\/wp.ufpel.edu.br\/famed\/wp-json\/wp\/v2\/tags?post=1558"}],"curies":[{"name":"wp","href":"https:\/\/api.w.org\/{rel}","templated":true}]}}