{"id":1400,"date":"2020-08-10T10:19:34","date_gmt":"2020-08-10T13:19:34","guid":{"rendered":"https:\/\/wp.ufpel.edu.br\/famed\/?p=1400"},"modified":"2020-08-10T10:19:34","modified_gmt":"2020-08-10T13:19:34","slug":"nota-de-pesar-aluno-de-medicina-gerson-linguanotti","status":"publish","type":"post","link":"https:\/\/wp.ufpel.edu.br\/famed\/2020\/08\/10\/nota-de-pesar-aluno-de-medicina-gerson-linguanotti\/","title":{"rendered":"Nota de Pesar \u2013 aluno de Medicina Gerson Linguanotti"},"content":{"rendered":"<p>A Faculdade de Medicina da Universidade Federal de Pelotas comunica, com pesar, o falecimento de seu aluno Gerson Linguanotti. O funeral e sepultamento ser\u00e3o realizados no dia 11\/08, no cemit\u00e9rio Municipal de Jaguar\u00e3o pela manh\u00e3.<\/p>\n<p>A FAMED, neste momento, transmite seus sentimentos aos familiares, colegas e amigos pela lament\u00e1vel perda.<\/p>\n","protected":false},"excerpt":{"rendered":"<p>A Faculdade de Medicina da Universidade Federal de Pelotas comunica, com pesar, o falecimento de seu aluno Gerson Linguanotti. O funeral e sepultamento ser\u00e3o realizados no dia 11\/08, no cemit\u00e9rio Municipal de Jaguar\u00e3o pela manh\u00e3. A FAMED, neste momento, transmite seus sentimentos aos familiares, colegas e amigos pela lament\u00e1vel perda.<\/p>\n","protected":false},"author":166,"featured_media":0,"comment_status":"closed","ping_status":"closed","sticky":false,"template":"","format":"standard","meta":{"jetpack_post_was_ever_published":false,"_jetpack_newsletter_access":"","_jetpack_dont_email_post_to_subs":false,"_jetpack_newsletter_tier_id":0,"_jetpack_memberships_contains_paywalled_content":false,"_jetpack_memberships_contains_paid_content":false,"footnotes":"","jetpack_publicize_message":"","jetpack_publicize_feature_enabled":true,"jetpack_social_post_already_shared":true,"jetpack_social_options":{"image_generator_settings":{"template":"highway","default_image_id":0,"font":"","enabled":false},"version":2}},"categories":[18],"tags":[],"class_list":["post-1400","post","type-post","status-publish","format-standard","hentry","category-noticias"],"jetpack_publicize_connections":[],"jetpack_featured_media_url":"","jetpack_sharing_enabled":true,"jetpack_shortlink":"https:\/\/wp.me\/p8YhqL-mA","_links":{"self":[{"href":"https:\/\/wp.ufpel.edu.br\/famed\/wp-json\/wp\/v2\/posts\/1400","targetHints":{"allow":["GET"]}}],"collection":[{"href":"https:\/\/wp.ufpel.edu.br\/famed\/wp-json\/wp\/v2\/posts"}],"about":[{"href":"https:\/\/wp.ufpel.edu.br\/famed\/wp-json\/wp\/v2\/types\/post"}],"author":[{"embeddable":true,"href":"https:\/\/wp.ufpel.edu.br\/famed\/wp-json\/wp\/v2\/users\/166"}],"replies":[{"embeddable":true,"href":"https:\/\/wp.ufpel.edu.br\/famed\/wp-json\/wp\/v2\/comments?post=1400"}],"version-history":[{"count":1,"href":"https:\/\/wp.ufpel.edu.br\/famed\/wp-json\/wp\/v2\/posts\/1400\/revisions"}],"predecessor-version":[{"id":1402,"href":"https:\/\/wp.ufpel.edu.br\/famed\/wp-json\/wp\/v2\/posts\/1400\/revisions\/1402"}],"wp:attachment":[{"href":"https:\/\/wp.ufpel.edu.br\/famed\/wp-json\/wp\/v2\/media?parent=1400"}],"wp:term":[{"taxonomy":"category","embeddable":true,"href":"https:\/\/wp.ufpel.edu.br\/famed\/wp-json\/wp\/v2\/categories?post=1400"},{"taxonomy":"post_tag","embeddable":true,"href":"https:\/\/wp.ufpel.edu.br\/famed\/wp-json\/wp\/v2\/tags?post=1400"}],"curies":[{"name":"wp","href":"https:\/\/api.w.org\/{rel}","templated":true}]}}