{"id":1247,"date":"2020-05-11T15:46:58","date_gmt":"2020-05-11T18:46:58","guid":{"rendered":"https:\/\/wp.ufpel.edu.br\/famed\/?p=1247"},"modified":"2020-05-11T15:46:58","modified_gmt":"2020-05-11T18:46:58","slug":"prae-divulga-resultados-parciais-do-sisu-pave-e-do-edital-de-reingresso-reopcao-transferencia-e-portador-de-titulo","status":"publish","type":"post","link":"https:\/\/wp.ufpel.edu.br\/famed\/2020\/05\/11\/prae-divulga-resultados-parciais-do-sisu-pave-e-do-edital-de-reingresso-reopcao-transferencia-e-portador-de-titulo\/","title":{"rendered":"PRAE divulga resultados parciais do Sisu, Pave e do edital de Reingresso, Reop\u00e7\u00e3o, Transfer\u00eancia e Portador de T\u00edtulo"},"content":{"rendered":"<p>A PRAE divulgou o resultado parcial do SISU e PAVE (1\u00aa, 2\u00aa e 3\u00aa convoca\u00e7\u00f5es) e o resultado parcial do edital de Reingresso, reop\u00e7\u00e3o, transfer\u00eancia e portador de diploma, confere aqui:<\/p>\n<p>1\u00aa convoca\u00e7\u00e3o:<\/p>\n<p>SISU\u00a0<a href=\"https:\/\/wp.ufpel.edu.br\/prae\/2020\/05\/05\/resultado-parcial-edital-vinculado-prae-04-2020\/\">https:\/\/wp.ufpel.edu.br\/prae\/2020\/05\/05\/resultado-parcial-edital-vinculado-prae-04-2020\/<\/a><\/p>\n<p>PAVE\u00a0<a href=\"https:\/\/wp.ufpel.edu.br\/prae\/2020\/05\/05\/resultado-parcial-edital-vinculado-prae-05-2020\/\">https:\/\/wp.ufpel.edu.br\/prae\/2020\/05\/05\/resultado-parcial-edital-vinculado-prae-05-2020\/<\/a><\/p>\n<p>2\u00aa convoca\u00e7\u00e3o:<\/p>\n<p>SISU\u00a0<a href=\"https:\/\/wp.ufpel.edu.br\/prae\/2020\/05\/06\/resultado-parcial-edital-vinculado-prae-07-2020\/\">https:\/\/wp.ufpel.edu.br\/prae\/2020\/05\/06\/resultado-parcial-edital-vinculado-prae-07-2020\/<\/a><\/p>\n<p>PAVE\u00a0<a href=\"https:\/\/wp.ufpel.edu.br\/prae\/2020\/05\/06\/resultado-parcial-edital-vinculado-prae-08-2020\/\">https:\/\/wp.ufpel.edu.br\/prae\/2020\/05\/06\/resultado-parcial-edital-vinculado-prae-08-2020\/<\/a><\/p>\n<p>3\u00aa convoca\u00e7\u00e3o:<\/p>\n<p>SISU\u00a0<a href=\"https:\/\/wp.ufpel.edu.br\/prae\/2020\/05\/07\/resultado-parcial-edital-vinculado-prae-09-2020\/\">https:\/\/wp.ufpel.edu.br\/prae\/2020\/05\/07\/resultado-parcial-edital-vinculado-prae-09-2020\/<\/a><\/p>\n<p>PAVE\u00a0<a href=\"https:\/\/wp.ufpel.edu.br\/prae\/2020\/05\/07\/resultado-parcial-edital-vinculado-prae-10-2020\/\">https:\/\/wp.ufpel.edu.br\/prae\/2020\/05\/07\/resultado-parcial-edital-vinculado-prae-10-2020\/<\/a><\/p>\n<p>Edital Reingresso, reop\u00e7\u00e3o, transfer\u00eancia e portador de diploma:\u00a0<a href=\"https:\/\/wp.ufpel.edu.br\/prae\/2020\/05\/07\/resultado-parcial-edital-prae-03-2020-transferencia-reingresso-reopcao-portador-de-diploma\/\">https:\/\/wp.ufpel.edu.br\/prae\/2020\/05\/07\/resultado-parcial-edital-prae-03-2020-transferencia-reingresso-reopcao-portador-de-diploma\/<\/a><\/p>\n<p>&nbsp;<\/p>\n<p>Fonte: http:\/\/ccs2.ufpel.edu.br\/wp\/2020\/05\/11\/prae-divulga-resultados-parciais-do-sisu-pave-e-do-edital-de-reingresso-reopcao-transferencia-e-portador-de-titulo\/<a href=\"https:\/\/wp.ufpel.edu.br\/famed\/files\/2018\/11\/ESimbolo.png\"><img class=\" wp-image-258 aligncenter\" src=\"https:\/\/wp.ufpel.edu.br\/famed\/files\/2018\/11\/ESimbolo.png\" alt=\"\" width=\"304\" height=\"304\" srcset=\"https:\/\/wp.ufpel.edu.br\/famed\/files\/2018\/11\/ESimbolo.png 400w, https:\/\/wp.ufpel.edu.br\/famed\/files\/2018\/11\/ESimbolo-200x200.png 200w\" sizes=\"(max-width: 304px) 100vw, 304px\" \/><\/a><\/p>\n","protected":false},"excerpt":{"rendered":"<p>A PRAE divulgou o resultado parcial do SISU e PAVE (1\u00aa, 2\u00aa e 3\u00aa convoca\u00e7\u00f5es) e o resultado parcial do edital de Reingresso, reop\u00e7\u00e3o, transfer\u00eancia e portador de diploma, confere aqui: 1\u00aa convoca\u00e7\u00e3o: SISU\u00a0https:\/\/wp.ufpel.edu.br\/prae\/2020\/05\/05\/resultado-parcial-edital-vinculado-prae-04-2020\/ PAVE\u00a0https:\/\/wp.ufpel.edu.br\/prae\/2020\/05\/05\/resultado-parcial-edital-vinculado-prae-05-2020\/ 2\u00aa convoca\u00e7\u00e3o: SISU\u00a0https:\/\/wp.ufpel.edu.br\/prae\/2020\/05\/06\/resultado-parcial-edital-vinculado-prae-07-2020\/ PAVE\u00a0https:\/\/wp.ufpel.edu.br\/prae\/2020\/05\/06\/resultado-parcial-edital-vinculado-prae-08-2020\/ 3\u00aa convoca\u00e7\u00e3o: SISU\u00a0https:\/\/wp.ufpel.edu.br\/prae\/2020\/05\/07\/resultado-parcial-edital-vinculado-prae-09-2020\/ PAVE\u00a0https:\/\/wp.ufpel.edu.br\/prae\/2020\/05\/07\/resultado-parcial-edital-vinculado-prae-10-2020\/ Edital Reingresso, reop\u00e7\u00e3o, transfer\u00eancia e portador de diploma:\u00a0https:\/\/wp.ufpel.edu.br\/prae\/2020\/05\/07\/resultado-parcial-edital-prae-03-2020-transferencia-reingresso-reopcao-portador-de-diploma\/ &nbsp; Fonte: http:\/\/ccs2.ufpel.edu.br\/wp\/2020\/05\/11\/prae-divulga-resultados-parciais-do-sisu-pave-e-do-edital-de-reingresso-reopcao-transferencia-e-portador-de-titulo\/<\/p>\n","protected":false},"author":166,"featured_media":0,"comment_status":"closed","ping_status":"closed","sticky":false,"template":"","format":"standard","meta":{"jetpack_post_was_ever_published":false,"_jetpack_newsletter_access":"","_jetpack_dont_email_post_to_subs":false,"_jetpack_newsletter_tier_id":0,"_jetpack_memberships_contains_paywalled_content":false,"_jetpack_memberships_contains_paid_content":false,"footnotes":"","jetpack_publicize_message":"","jetpack_publicize_feature_enabled":true,"jetpack_social_post_already_shared":true,"jetpack_social_options":{"image_generator_settings":{"template":"highway","default_image_id":0,"font":"","enabled":false},"version":2}},"categories":[18],"tags":[],"class_list":["post-1247","post","type-post","status-publish","format-standard","hentry","category-noticias"],"jetpack_publicize_connections":[],"jetpack_featured_media_url":"","jetpack_sharing_enabled":true,"jetpack_shortlink":"https:\/\/wp.me\/p8YhqL-k7","_links":{"self":[{"href":"https:\/\/wp.ufpel.edu.br\/famed\/wp-json\/wp\/v2\/posts\/1247","targetHints":{"allow":["GET"]}}],"collection":[{"href":"https:\/\/wp.ufpel.edu.br\/famed\/wp-json\/wp\/v2\/posts"}],"about":[{"href":"https:\/\/wp.ufpel.edu.br\/famed\/wp-json\/wp\/v2\/types\/post"}],"author":[{"embeddable":true,"href":"https:\/\/wp.ufpel.edu.br\/famed\/wp-json\/wp\/v2\/users\/166"}],"replies":[{"embeddable":true,"href":"https:\/\/wp.ufpel.edu.br\/famed\/wp-json\/wp\/v2\/comments?post=1247"}],"version-history":[{"count":2,"href":"https:\/\/wp.ufpel.edu.br\/famed\/wp-json\/wp\/v2\/posts\/1247\/revisions"}],"predecessor-version":[{"id":1250,"href":"https:\/\/wp.ufpel.edu.br\/famed\/wp-json\/wp\/v2\/posts\/1247\/revisions\/1250"}],"wp:attachment":[{"href":"https:\/\/wp.ufpel.edu.br\/famed\/wp-json\/wp\/v2\/media?parent=1247"}],"wp:term":[{"taxonomy":"category","embeddable":true,"href":"https:\/\/wp.ufpel.edu.br\/famed\/wp-json\/wp\/v2\/categories?post=1247"},{"taxonomy":"post_tag","embeddable":true,"href":"https:\/\/wp.ufpel.edu.br\/famed\/wp-json\/wp\/v2\/tags?post=1247"}],"curies":[{"name":"wp","href":"https:\/\/api.w.org\/{rel}","templated":true}]}}