{"id":20,"date":"2018-04-02T15:48:11","date_gmt":"2018-04-02T18:48:11","guid":{"rendered":"https:\/\/wp.ufpel.edu.br\/faem135anos\/?p=20"},"modified":"2018-11-29T12:56:15","modified_gmt":"2018-11-29T14:56:15","slug":"programacao","status":"publish","type":"post","link":"https:\/\/wp.ufpel.edu.br\/faem135anos\/2018\/04\/02\/programacao\/","title":{"rendered":"Programa\u00e7\u00e3o"},"content":{"rendered":"<p><span style=\"font-size: 18pt\"><strong>Dezembro<\/strong><\/span><\/p>\n<p><img loading=\"lazy\" decoding=\"async\" class=\"aligncenter size-large wp-image-953\" src=\"https:\/\/wp.ufpel.edu.br\/faem135anos\/files\/2018\/04\/Cerimonial-135-anos-1024x899.jpg\" alt=\"\" width=\"775\" height=\"680\" srcset=\"https:\/\/wp.ufpel.edu.br\/faem135anos\/files\/2018\/04\/Cerimonial-135-anos-1024x899.jpg 1024w, https:\/\/wp.ufpel.edu.br\/faem135anos\/files\/2018\/04\/Cerimonial-135-anos-400x351.jpg 400w, https:\/\/wp.ufpel.edu.br\/faem135anos\/files\/2018\/04\/Cerimonial-135-anos-768x675.jpg 768w, https:\/\/wp.ufpel.edu.br\/faem135anos\/files\/2018\/04\/Cerimonial-135-anos-228x200.jpg 228w\" sizes=\"auto, (max-width: 775px) 100vw, 775px\" \/><\/p>\n<span class=\"collapseomatic \" id=\"id69f03ba849411\"  tabindex=\"0\" title=\"Abril\"    >Abril<\/span><div id=\"target-id69f03ba849411\" class=\"collapseomatic_content \">\n<table style=\"border-color: #1a0606\" border=\"2\">\n<tbody>\n<tr>\n<td style=\"text-align: center\"><strong>Hor\u00e1rio<\/strong><\/td>\n<td style=\"text-align: center\"><strong>09 de abril &#8211; segunda-feira<\/strong><\/td>\n<\/tr>\n<tr>\n<td style=\"text-align: center\">10:00<\/td>\n<td>\n<p style=\"margin: 0cm 0cm 0.0001pt;text-align: left;padding-left: 30px\" align=\"center\">Cerim\u00f4nia de abertura oficial das festividades <strong>FAEM 135 anos &#8211; hist\u00f3ria de muitas Mem\u00f3rias<\/strong><\/p>\n<p style=\"margin: 0cm 0cm 0.0001pt;text-align: left;padding-left: 30px\" align=\"center\">Audit\u00f3rio da Faculdade de Agronomia Eliseu Maciel<\/p>\n<p style=\"margin: 0cm 0cm 0.0001pt;text-align: left;padding-left: 30px\" align=\"center\">Cerimonialista: Mariane Rosenthal \u2013 FAEM<\/p>\n<p style=\"margin: 0cm 0cm 0.0001pt;text-align: left;padding-left: 30px\" align=\"center\">Prof. Dr. Dirceu Agostinetto<\/p>\n<p style=\"margin: 0cm 0cm 0.0001pt;text-align: left;padding-left: 30px\" align=\"center\">Prof. Dr. Ant\u00f4nio Costa de Oliveira<\/p>\n<p style=\"margin: 0cm 0cm 0.0001pt;text-align: left;padding-left: 30px\" align=\"center\">Autoridades convidadas \u2013 listagem:<\/p>\n<p style=\"margin: 0cm 0cm 0.0001pt;text-align: left;padding-left: 30px\" align=\"center\">1) Reitor: Prof. Dr. Pedro Rodrigues Curi Hallal<\/p>\n<p style=\"margin: 0cm 0cm 0.0001pt;text-align: left;padding-left: 30px\" align=\"center\">2) Vice reitor: Prof. Dr. Luis Isais Centeno do Amaral<\/p>\n<p style=\"margin: 0cm 0cm 0.0001pt;text-align: left;padding-left: 30px\" align=\"center\">3) Pr\u00f3-Reitora de Extens\u00e3o: Prof.\u00aa Dr.\u00aa Francisca Ferreira Michelon<\/p>\n<p style=\"margin: 0cm 0cm 0.0001pt;text-align: left;padding-left: 30px\" align=\"center\">4) Coordenador do curso de Agronomia: Prof. Dr. Paulo Roberto Grolli<\/p>\n<p style=\"margin: 0cm 0cm 0.0001pt;text-align: left;padding-left: 30px\" align=\"center\">5) Coordenador do curso de Zootecnia: Prof. Dr. Stefani Macari<\/p>\n<p style=\"margin: 0cm 0cm 0.0001pt;text-align: left;padding-left: 30px\" align=\"center\">6) Representante dos coordenadores de Programas de P\u00f3s-Gradua\u00e7\u00e3o: Prof. Dr. Luis Eduardo Panozzo<\/p>\n<p style=\"margin: 0cm 0cm 0.0001pt;text-align: left;padding-left: 30px\" align=\"center\">7) Representante da associa\u00e7\u00e3o de egresso da Faculdade de Agronomia Eliseu Maciel: Eng\u00ba Agr\u00ba Geri Eduardo Meneghello<\/p>\n<\/td>\n<\/tr>\n<tr>\n<td>\n<p style=\"text-align: center\">10:30<\/p>\n<\/td>\n<td>\n<p style=\"margin: 0cm 0cm 0.0001pt;text-align: left;padding-left: 30px\" align=\"center\">Lan\u00e7amento da campanha 135 anos \u2013 PREC<\/p>\n<p style=\"margin: 0cm 0cm 0.0001pt;text-align: left;padding-left: 30px\" align=\"center\">Coordena\u00e7\u00e3o: Prof. Dr. Fernando Igansi (coordenador de Arte e Inclus\u00e3o) e Prof.\u00aa Dr.\u00aa Francisca Ferreira Michelon (Pr\u00f3-Reitora de Extens\u00e3o)<\/p>\n<p style=\"margin: 0cm 0cm 0.0001pt;text-align: left;padding-left: 30px\" align=\"center\">Audit\u00f3rio da Faculdade de Agronomia Eliseu Maciel<\/p>\n<p style=\"margin: 0cm 0cm 0.0001pt;text-align: left;padding-left: 30px\" align=\"center\">Proje\u00e7\u00e3o\/v\u00eddeo<\/p>\n<p style=\"margin: 0cm 0cm 0.0001pt;text-align: left;padding-left: 30px\" align=\"center\">Lan\u00e7amento do sum\u00e1rio do livro &#8211; t\u00f3picos<\/p>\n<p style=\"margin: 0cm 0cm 0.0001pt;text-align: left;padding-left: 30px\" align=\"center\">PREC<\/p>\n<p style=\"margin: 0cm 0cm 0.0001pt;text-align: left;padding-left: 30px\" align=\"center\">Coordena\u00e7\u00e3o: Prof. Dr. Fernando Igansi, Prof.\u00aa Dr.\u00aa Francisca Ferreira Michelon e equipe<\/p>\n<\/td>\n<\/tr>\n<tr>\n<td style=\"text-align: center\">11:00<\/td>\n<td>\n<p style=\"margin: 0cm 0cm 0.0001pt;text-align: left;padding-left: 30px\" align=\"center\">Inaugura\u00e7\u00e3o da fotografia do ex-diretor<\/p>\n<p style=\"margin: 0cm 0cm 0.0001pt;text-align: left;padding-left: 30px\" align=\"center\">Prof. Dr. Manoel Luis Brenner de Moraes<\/p>\n<p style=\"margin: 0cm 0cm 0.0001pt;text-align: left;padding-left: 30px\" align=\"center\">Gabinete da dire\u00e7\u00e3o<\/p>\n<\/td>\n<\/tr>\n<tr>\n<td style=\"text-align: center\">11:30<\/td>\n<td>\n<p style=\"margin: 0cm 0cm 0.0001pt;text-align: left;padding-left: 30px\" align=\"center\">Cerim\u00f4nia de atribui\u00e7\u00e3o do nome: Prof. Dr. Jos\u00e9 Carlos Fachinello ao Labagro<\/p>\n<p style=\"margin: 0cm 0cm 0.0001pt;text-align: left;padding-left: 30px\" align=\"center\">Coordenador do Programa de P\u00f3s-Gradua\u00e7\u00e3o em Agronomia: Prof. Dr. Paulo Celso de Melo Farias<\/p>\n<p style=\"margin: 0cm 0cm 0.0001pt;text-align: left;padding-left: 30px\" align=\"center\">Decerramento da placa alusiva<\/p>\n<\/td>\n<\/tr>\n<tr>\n<td style=\"text-align: center\">12:00<\/td>\n<td style=\"text-align: center\">\n<p style=\"margin: 0cm 0cm 0.0001pt;text-align: left;padding-left: 30px\">Almo\u00e7o no CTG \u201cOs Carreteiros\u201d<\/p>\n<p style=\"margin: 0cm 0cm 0.0001pt;text-align: left;padding-left: 30px\">Churrasco organizado por alunos (por ades\u00e3o)<\/p>\n<\/td>\n<\/tr>\n<\/tbody>\n<\/table>\n<\/div>\n<span class=\"collapseomatic \" id=\"id69f03ba8494d0\"  tabindex=\"0\" title=\"Maio\"    >Maio<\/span><div id=\"target-id69f03ba8494d0\" class=\"collapseomatic_content \">\n<table style=\"border-color: #1a0606\" border=\"2\">\n<tbody>\n<tr>\n<td>\n<p style=\"margin: 0cm 0cm 0.0001pt;padding-left: 30px;text-align: center\" align=\"center\"><strong>1\u00aa Mateada dos 135 anos da Faculdade de Agronomia Eliseu Maciel &#8211; promo\u00e7\u00e3o CTG &#8220;Os Carreteiros&#8221;<\/strong><br \/>\nSagu\u00e3o da FAEM &#8211; 08\/05\/2018 &#8211; 12:00 as 14:00<br \/>\nCoordena\u00e7\u00e3o: Eng\u00aa Agronoma Mariane Rosenthal e Rafael Silva (discente)<\/p>\n<\/td>\n<\/tr>\n<tr>\n<td style=\"text-align: center\">\n<p style=\"margin: 0cm 0cm 0.0001pt;padding-left: 30px;text-align: center\"><strong>Mostra de atividades do Departamento de Fitotecnia da Faculdade de Agronomia Eliseu Maciel<\/strong><br \/>\n<strong>Programa de P\u00f3s Gradua\u00e7\u00e3o em Ci\u00eancia e Tecnologia de Sementes<\/strong><br \/>\n<strong>Programa de P\u00f3s Gradua\u00e7\u00e3o em Agronomia<\/strong><br \/>\n<strong>Programa de P\u00f3s Gradua\u00e7\u00e3o em Sistemas de Produ\u00e7\u00e3o Agr\u00edcola Familiar<\/strong><br \/>\nCoordena\u00e7\u00e3o: Prof. Dr. Edgar Ricardo Schoffel &#8211; chefe do departamento<br \/>\nConfira abaixo fotos da Mostra:<\/p>\n<p class=\"jetpack-slideshow-noscript robots-nocontent\">Este slideshow necessita de JavaScript.<\/p><div id=\"gallery-20-1-slideshow\" class=\"jetpack-slideshow-window jetpack-slideshow jetpack-slideshow-black\" data-trans=\"fade\" data-autostart=\"1\" data-gallery=\"[{&quot;src&quot;:&quot;https:\\\/\\\/wp.ufpel.edu.br\\\/faem135anos\\\/files\\\/2018\\\/04\\\/32087207_10216696503824927_8406604853568077824_n.jpg&quot;,&quot;id&quot;:&quot;720&quot;,&quot;title&quot;:&quot;32087207_10216696503824927_8406604853568077824_n&quot;,&quot;alt&quot;:&quot;&quot;,&quot;caption&quot;:&quot;&quot;,&quot;itemprop&quot;:&quot;image&quot;},{&quot;src&quot;:&quot;https:\\\/\\\/wp.ufpel.edu.br\\\/faem135anos\\\/files\\\/2018\\\/04\\\/32087328_10216696497544770_7975919513243746304_n.jpg&quot;,&quot;id&quot;:&quot;721&quot;,&quot;title&quot;:&quot;32087328_10216696497544770_7975919513243746304_n&quot;,&quot;alt&quot;:&quot;&quot;,&quot;caption&quot;:&quot;&quot;,&quot;itemprop&quot;:&quot;image&quot;},{&quot;src&quot;:&quot;https:\\\/\\\/wp.ufpel.edu.br\\\/faem135anos\\\/files\\\/2018\\\/04\\\/32105169_10216696496984756_2485851500975226880_n.jpg&quot;,&quot;id&quot;:&quot;722&quot;,&quot;title&quot;:&quot;32105169_10216696496984756_2485851500975226880_n&quot;,&quot;alt&quot;:&quot;&quot;,&quot;caption&quot;:&quot;&quot;,&quot;itemprop&quot;:&quot;image&quot;},{&quot;src&quot;:&quot;https:\\\/\\\/wp.ufpel.edu.br\\\/faem135anos\\\/files\\\/2018\\\/04\\\/32207589_10216696500424842_5800304319081218048_n.jpg&quot;,&quot;id&quot;:&quot;723&quot;,&quot;title&quot;:&quot;32207589_10216696500424842_5800304319081218048_n&quot;,&quot;alt&quot;:&quot;&quot;,&quot;caption&quot;:&quot;&quot;,&quot;itemprop&quot;:&quot;image&quot;},{&quot;src&quot;:&quot;https:\\\/\\\/wp.ufpel.edu.br\\\/faem135anos\\\/files\\\/2018\\\/04\\\/31956881_10216696496064733_5591091574420275200_n.jpg&quot;,&quot;id&quot;:&quot;724&quot;,&quot;title&quot;:&quot;31956881_10216696496064733_5591091574420275200_n&quot;,&quot;alt&quot;:&quot;&quot;,&quot;caption&quot;:&quot;&quot;,&quot;itemprop&quot;:&quot;image&quot;},{&quot;src&quot;:&quot;https:\\\/\\\/wp.ufpel.edu.br\\\/faem135anos\\\/files\\\/2018\\\/04\\\/31961778_10216696503544920_2156021583422947328_n.jpg&quot;,&quot;id&quot;:&quot;726&quot;,&quot;title&quot;:&quot;31961778_10216696503544920_2156021583422947328_n&quot;,&quot;alt&quot;:&quot;&quot;,&quot;caption&quot;:&quot;&quot;,&quot;itemprop&quot;:&quot;image&quot;},{&quot;src&quot;:&quot;https:\\\/\\\/wp.ufpel.edu.br\\\/faem135anos\\\/files\\\/2018\\\/04\\\/31964059_10216696496864753_4314670162117656576_n.jpg&quot;,&quot;id&quot;:&quot;727&quot;,&quot;title&quot;:&quot;31964059_10216696496864753_4314670162117656576_n&quot;,&quot;alt&quot;:&quot;&quot;,&quot;caption&quot;:&quot;&quot;,&quot;itemprop&quot;:&quot;image&quot;},{&quot;src&quot;:&quot;https:\\\/\\\/wp.ufpel.edu.br\\\/faem135anos\\\/files\\\/2018\\\/04\\\/31969926_10216696495664723_7542935592321941504_n.jpg&quot;,&quot;id&quot;:&quot;728&quot;,&quot;title&quot;:&quot;31969926_10216696495664723_7542935592321941504_n&quot;,&quot;alt&quot;:&quot;&quot;,&quot;caption&quot;:&quot;&quot;,&quot;itemprop&quot;:&quot;image&quot;},{&quot;src&quot;:&quot;https:\\\/\\\/wp.ufpel.edu.br\\\/faem135anos\\\/files\\\/2018\\\/04\\\/32074083_10216696503664923_6211807463583252480_n.jpg&quot;,&quot;id&quot;:&quot;729&quot;,&quot;title&quot;:&quot;32074083_10216696503664923_6211807463583252480_n&quot;,&quot;alt&quot;:&quot;&quot;,&quot;caption&quot;:&quot;&quot;,&quot;itemprop&quot;:&quot;image&quot;},{&quot;src&quot;:&quot;https:\\\/\\\/wp.ufpel.edu.br\\\/faem135anos\\\/files\\\/2018\\\/04\\\/32077704_10216696504024932_2489356954497974272_n.jpg&quot;,&quot;id&quot;:&quot;730&quot;,&quot;title&quot;:&quot;32077704_10216696504024932_2489356954497974272_n&quot;,&quot;alt&quot;:&quot;&quot;,&quot;caption&quot;:&quot;&quot;,&quot;itemprop&quot;:&quot;image&quot;},{&quot;src&quot;:&quot;https:\\\/\\\/wp.ufpel.edu.br\\\/faem135anos\\\/files\\\/2018\\\/04\\\/32090047_10216696566506494_5849365691848720384_n.jpg&quot;,&quot;id&quot;:&quot;732&quot;,&quot;title&quot;:&quot;32090047_10216696566506494_5849365691848720384_n&quot;,&quot;alt&quot;:&quot;&quot;,&quot;caption&quot;:&quot;&quot;,&quot;itemprop&quot;:&quot;image&quot;},{&quot;src&quot;:&quot;https:\\\/\\\/wp.ufpel.edu.br\\\/faem135anos\\\/files\\\/2018\\\/04\\\/32104788_10216696502664898_4315321408008749056_n.jpg&quot;,&quot;id&quot;:&quot;733&quot;,&quot;title&quot;:&quot;32104788_10216696502664898_4315321408008749056_n&quot;,&quot;alt&quot;:&quot;&quot;,&quot;caption&quot;:&quot;&quot;,&quot;itemprop&quot;:&quot;image&quot;},{&quot;src&quot;:&quot;https:\\\/\\\/wp.ufpel.edu.br\\\/faem135anos\\\/files\\\/2018\\\/04\\\/32187335_10216696499824827_7575983304080359424_n.jpg&quot;,&quot;id&quot;:&quot;735&quot;,&quot;title&quot;:&quot;32187335_10216696499824827_7575983304080359424_n&quot;,&quot;alt&quot;:&quot;&quot;,&quot;caption&quot;:&quot;&quot;,&quot;itemprop&quot;:&quot;image&quot;},{&quot;src&quot;:&quot;https:\\\/\\\/wp.ufpel.edu.br\\\/faem135anos\\\/files\\\/2018\\\/04\\\/31960577_10216696504624947_59624595638011822089_n.jpg&quot;,&quot;id&quot;:&quot;737&quot;,&quot;title&quot;:&quot;31960577_10216696504624947_59624595638011822089_n&quot;,&quot;alt&quot;:&quot;&quot;,&quot;caption&quot;:&quot;&quot;,&quot;itemprop&quot;:&quot;image&quot;},{&quot;src&quot;:&quot;https:\\\/\\\/wp.ufpel.edu.br\\\/faem135anos\\\/files\\\/2018\\\/04\\\/32089618_10216704145895974_4767253990201098240_n.jpg&quot;,&quot;id&quot;:&quot;738&quot;,&quot;title&quot;:&quot;32089618_10216704145895974_4767253990201098240_n&quot;,&quot;alt&quot;:&quot;&quot;,&quot;caption&quot;:&quot;&quot;,&quot;itemprop&quot;:&quot;image&quot;},{&quot;src&quot;:&quot;https:\\\/\\\/wp.ufpel.edu.br\\\/faem135anos\\\/files\\\/2018\\\/04\\\/32096503_10216704147136005_802390725156143104_n.jpg&quot;,&quot;id&quot;:&quot;739&quot;,&quot;title&quot;:&quot;32096503_10216704147136005_802390725156143104_n&quot;,&quot;alt&quot;:&quot;&quot;,&quot;caption&quot;:&quot;&quot;,&quot;itemprop&quot;:&quot;image&quot;},{&quot;src&quot;:&quot;https:\\\/\\\/wp.ufpel.edu.br\\\/faem135anos\\\/files\\\/2018\\\/04\\\/32105002_10216704144975951_1306641120024854528_n.jpg&quot;,&quot;id&quot;:&quot;740&quot;,&quot;title&quot;:&quot;32105002_10216704144975951_1306641120024854528_n&quot;,&quot;alt&quot;:&quot;&quot;,&quot;caption&quot;:&quot;&quot;,&quot;itemprop&quot;:&quot;image&quot;},{&quot;src&quot;:&quot;https:\\\/\\\/wp.ufpel.edu.br\\\/faem135anos\\\/files\\\/2018\\\/04\\\/32116260_10216696568546545_5049748012327239680_n.jpg&quot;,&quot;id&quot;:&quot;741&quot;,&quot;title&quot;:&quot;32116260_10216696568546545_5049748012327239680_n&quot;,&quot;alt&quot;:&quot;&quot;,&quot;caption&quot;:&quot;&quot;,&quot;itemprop&quot;:&quot;image&quot;},{&quot;src&quot;:&quot;https:\\\/\\\/wp.ufpel.edu.br\\\/faem135anos\\\/files\\\/2018\\\/04\\\/32130446_10216704164656443_4172720904574337024_n.jpg&quot;,&quot;id&quot;:&quot;742&quot;,&quot;title&quot;:&quot;32130446_10216704164656443_4172720904574337024_n&quot;,&quot;alt&quot;:&quot;&quot;,&quot;caption&quot;:&quot;&quot;,&quot;itemprop&quot;:&quot;image&quot;},{&quot;src&quot;:&quot;https:\\\/\\\/wp.ufpel.edu.br\\\/faem135anos\\\/files\\\/2018\\\/04\\\/32156559_10216704165696469_167996606400954368_n.jpg&quot;,&quot;id&quot;:&quot;743&quot;,&quot;title&quot;:&quot;32156559_10216704165696469_167996606400954368_n&quot;,&quot;alt&quot;:&quot;&quot;,&quot;caption&quot;:&quot;&quot;,&quot;itemprop&quot;:&quot;image&quot;},{&quot;src&quot;:&quot;https:\\\/\\\/wp.ufpel.edu.br\\\/faem135anos\\\/files\\\/2018\\\/04\\\/32170039_10216704144415937_756360710241386496_n.jpg&quot;,&quot;id&quot;:&quot;744&quot;,&quot;title&quot;:&quot;32170039_10216704144415937_756360710241386496_n&quot;,&quot;alt&quot;:&quot;&quot;,&quot;caption&quot;:&quot;&quot;,&quot;itemprop&quot;:&quot;image&quot;},{&quot;src&quot;:&quot;https:\\\/\\\/wp.ufpel.edu.br\\\/faem135anos\\\/files\\\/2018\\\/04\\\/32186614_10216704145415962_2822698922642767872_n.jpg&quot;,&quot;id&quot;:&quot;745&quot;,&quot;title&quot;:&quot;32186614_10216704145415962_2822698922642767872_n&quot;,&quot;alt&quot;:&quot;&quot;,&quot;caption&quot;:&quot;&quot;,&quot;itemprop&quot;:&quot;image&quot;},{&quot;src&quot;:&quot;https:\\\/\\\/wp.ufpel.edu.br\\\/faem135anos\\\/files\\\/2018\\\/04\\\/31961263_10216697294204686_8342286743352901632_n.jpg&quot;,&quot;id&quot;:&quot;747&quot;,&quot;title&quot;:&quot;31961263_10216697294204686_8342286743352901632_n&quot;,&quot;alt&quot;:&quot;&quot;,&quot;caption&quot;:&quot;&quot;,&quot;itemprop&quot;:&quot;image&quot;},{&quot;src&quot;:&quot;https:\\\/\\\/wp.ufpel.edu.br\\\/faem135anos\\\/files\\\/2018\\\/04\\\/32079544_10216697293324664_1519506322054184960_n.jpg&quot;,&quot;id&quot;:&quot;750&quot;,&quot;title&quot;:&quot;32079544_10216697293324664_1519506322054184960_n&quot;,&quot;alt&quot;:&quot;&quot;,&quot;caption&quot;:&quot;&quot;,&quot;itemprop&quot;:&quot;image&quot;},{&quot;src&quot;:&quot;https:\\\/\\\/wp.ufpel.edu.br\\\/faem135anos\\\/files\\\/2018\\\/04\\\/32105158_10216704190017077_4753972263399718912_n.jpg&quot;,&quot;id&quot;:&quot;751&quot;,&quot;title&quot;:&quot;32105158_10216704190017077_4753972263399718912_n&quot;,&quot;alt&quot;:&quot;&quot;,&quot;caption&quot;:&quot;&quot;,&quot;itemprop&quot;:&quot;image&quot;},{&quot;src&quot;:&quot;https:\\\/\\\/wp.ufpel.edu.br\\\/faem135anos\\\/files\\\/2018\\\/04\\\/32105664_10216704191217107_4243604623920726016_n.jpg&quot;,&quot;id&quot;:&quot;752&quot;,&quot;title&quot;:&quot;32105664_10216704191217107_4243604623920726016_n&quot;,&quot;alt&quot;:&quot;&quot;,&quot;caption&quot;:&quot;&quot;,&quot;itemprop&quot;:&quot;image&quot;},{&quot;src&quot;:&quot;https:\\\/\\\/wp.ufpel.edu.br\\\/faem135anos\\\/files\\\/2018\\\/04\\\/32169245_10216704191977126_2500681322968645632_n.jpg&quot;,&quot;id&quot;:&quot;754&quot;,&quot;title&quot;:&quot;32169245_10216704191977126_2500681322968645632_n&quot;,&quot;alt&quot;:&quot;&quot;,&quot;caption&quot;:&quot;&quot;,&quot;itemprop&quot;:&quot;image&quot;},{&quot;src&quot;:&quot;https:\\\/\\\/wp.ufpel.edu.br\\\/faem135anos\\\/files\\\/2018\\\/04\\\/32215009_10216704190377086_2441294900361166848_n.jpg&quot;,&quot;id&quot;:&quot;757&quot;,&quot;title&quot;:&quot;32215009_10216704190377086_2441294900361166848_n&quot;,&quot;alt&quot;:&quot;&quot;,&quot;caption&quot;:&quot;&quot;,&quot;itemprop&quot;:&quot;image&quot;},{&quot;src&quot;:&quot;https:\\\/\\\/wp.ufpel.edu.br\\\/faem135anos\\\/files\\\/2018\\\/04\\\/32286523_10216704190697094_7328082468974624768_n.jpg&quot;,&quot;id&quot;:&quot;758&quot;,&quot;title&quot;:&quot;32286523_10216704190697094_7328082468974624768_n&quot;,&quot;alt&quot;:&quot;&quot;,&quot;caption&quot;:&quot;&quot;,&quot;itemprop&quot;:&quot;image&quot;}]\" itemscope itemtype=\"https:\/\/schema.org\/ImageGallery\"><\/div><\/td>\n<\/tr>\n<\/tbody>\n<\/table>\n<\/div>\n<span class=\"collapseomatic \" id=\"id69f03ba8a6df6\"  tabindex=\"0\" title=\"Junho\"    >Junho<\/span><div id=\"target-id69f03ba8a6df6\" class=\"collapseomatic_content \">\n<table style=\"height: 475px\" border=\"2\" width=\"904\">\n<tbody>\n<tr>\n<td style=\"text-align: center\"><strong>08\/06 &#8211; Departamento de Ci\u00eancias Sociais Agr\u00e1rias (DCSA)<\/strong><br \/>\nProjeto Rural em Imagens (Coordena\u00e7\u00e3o Prof. Dr. Flavio Sacco dos Anjos e Prof.\u00aa Dr.\u00aa Nadia Velleda Caldas)<\/td>\n<\/tr>\n<tr>\n<td style=\"text-align: center\"><strong>16 e 17\/06 &#8211; CTG \u201cOs Carreteiros\u201d<\/strong><br \/>\nCavalgada do piquete Ferradura (Pelotas) (cisita\u00e7\u00e3o ao CTG os \u201cCarreteiros) &#8211; Previs\u00e3o de chegada: 16 horas<br \/>\nRecep\u00e7\u00e3o: FAEM &#8211; Jantar por ades\u00e3o<br \/>\nPernoite no CTG &#8211; acampamento<br \/>\n(Coordena\u00e7\u00e3o Prof. Dr. Marcelo Barbosa Malgarim)<\/td>\n<\/tr>\n<tr>\n<td style=\"text-align: center\"><strong>13\/06 &#8211; Departamento de Ci\u00eancias Sociais Agr\u00e1rias (DCSA)<\/strong><br \/>\nProjeto Identidades Rurais (Coordena\u00e7\u00e3o Prof. Dr D\u00e9cio Cotrim)<\/td>\n<\/tr>\n<tr>\n<td style=\"text-align: center\"><strong>21\/06 &#8211;\u00a0Departamento de Ci\u00eancias Sociais Agr\u00e1rias (DCSA)<\/strong><br \/>\nApresenta\u00e7\u00e3o de atividades dos projetos, disciplinas, cursos de gradua\u00e7\u00e3o e p\u00f3s e disserta\u00e7\u00f5es geradas no DCSA nos \u00faltimos 5 anos<\/td>\n<\/tr>\n<tr>\n<td style=\"text-align: center\"><strong>28\/06 &#8211;\u00a0Departamento de Ci\u00eancias Sociais Agr\u00e1rias (DCSA)<\/strong><br \/>\nFesta Junina<\/td>\n<\/tr>\n<\/tbody>\n<\/table>\n<p>Confira abaixo as fotos da\u00a0Mostra Dcsa Faem 135 anos &#8211; o que \u00e9 o Rural<\/p>\n<p class=\"jetpack-slideshow-noscript robots-nocontent\">Este slideshow necessita de JavaScript.<\/p><div id=\"gallery-20-2-slideshow\" class=\"jetpack-slideshow-window jetpack-slideshow jetpack-slideshow-black\" data-trans=\"fade\" data-autostart=\"1\" data-gallery=\"[{&quot;src&quot;:&quot;https:\\\/\\\/wp.ufpel.edu.br\\\/faem135anos\\\/files\\\/2018\\\/04\\\/file.jpeg&quot;,&quot;id&quot;:&quot;800&quot;,&quot;title&quot;:&quot;file&quot;,&quot;alt&quot;:&quot;&quot;,&quot;caption&quot;:&quot;&quot;,&quot;itemprop&quot;:&quot;image&quot;},{&quot;src&quot;:&quot;https:\\\/\\\/wp.ufpel.edu.br\\\/faem135anos\\\/files\\\/2018\\\/04\\\/file1.jpeg&quot;,&quot;id&quot;:&quot;801&quot;,&quot;title&quot;:&quot;file1&quot;,&quot;alt&quot;:&quot;&quot;,&quot;caption&quot;:&quot;&quot;,&quot;itemprop&quot;:&quot;image&quot;},{&quot;src&quot;:&quot;https:\\\/\\\/wp.ufpel.edu.br\\\/faem135anos\\\/files\\\/2018\\\/04\\\/file2.jpeg&quot;,&quot;id&quot;:&quot;802&quot;,&quot;title&quot;:&quot;file2&quot;,&quot;alt&quot;:&quot;&quot;,&quot;caption&quot;:&quot;&quot;,&quot;itemprop&quot;:&quot;image&quot;},{&quot;src&quot;:&quot;https:\\\/\\\/wp.ufpel.edu.br\\\/faem135anos\\\/files\\\/2018\\\/04\\\/file4.jpeg&quot;,&quot;id&quot;:&quot;803&quot;,&quot;title&quot;:&quot;file4&quot;,&quot;alt&quot;:&quot;&quot;,&quot;caption&quot;:&quot;&quot;,&quot;itemprop&quot;:&quot;image&quot;},{&quot;src&quot;:&quot;https:\\\/\\\/wp.ufpel.edu.br\\\/faem135anos\\\/files\\\/2018\\\/04\\\/file6.jpeg&quot;,&quot;id&quot;:&quot;804&quot;,&quot;title&quot;:&quot;file6&quot;,&quot;alt&quot;:&quot;&quot;,&quot;caption&quot;:&quot;&quot;,&quot;itemprop&quot;:&quot;image&quot;},{&quot;src&quot;:&quot;https:\\\/\\\/wp.ufpel.edu.br\\\/faem135anos\\\/files\\\/2018\\\/04\\\/file7.jpeg&quot;,&quot;id&quot;:&quot;805&quot;,&quot;title&quot;:&quot;file7&quot;,&quot;alt&quot;:&quot;&quot;,&quot;caption&quot;:&quot;&quot;,&quot;itemprop&quot;:&quot;image&quot;},{&quot;src&quot;:&quot;https:\\\/\\\/wp.ufpel.edu.br\\\/faem135anos\\\/files\\\/2018\\\/04\\\/file8.jpeg&quot;,&quot;id&quot;:&quot;806&quot;,&quot;title&quot;:&quot;file8&quot;,&quot;alt&quot;:&quot;&quot;,&quot;caption&quot;:&quot;&quot;,&quot;itemprop&quot;:&quot;image&quot;},{&quot;src&quot;:&quot;https:\\\/\\\/wp.ufpel.edu.br\\\/faem135anos\\\/files\\\/2018\\\/04\\\/file10.jpeg&quot;,&quot;id&quot;:&quot;807&quot;,&quot;title&quot;:&quot;file10&quot;,&quot;alt&quot;:&quot;&quot;,&quot;caption&quot;:&quot;&quot;,&quot;itemprop&quot;:&quot;image&quot;},{&quot;src&quot;:&quot;https:\\\/\\\/wp.ufpel.edu.br\\\/faem135anos\\\/files\\\/2018\\\/04\\\/file13.jpeg&quot;,&quot;id&quot;:&quot;808&quot;,&quot;title&quot;:&quot;file13&quot;,&quot;alt&quot;:&quot;&quot;,&quot;caption&quot;:&quot;&quot;,&quot;itemprop&quot;:&quot;image&quot;},{&quot;src&quot;:&quot;https:\\\/\\\/wp.ufpel.edu.br\\\/faem135anos\\\/files\\\/2018\\\/04\\\/file14.jpeg&quot;,&quot;id&quot;:&quot;809&quot;,&quot;title&quot;:&quot;file14&quot;,&quot;alt&quot;:&quot;&quot;,&quot;caption&quot;:&quot;&quot;,&quot;itemprop&quot;:&quot;image&quot;},{&quot;src&quot;:&quot;https:\\\/\\\/wp.ufpel.edu.br\\\/faem135anos\\\/files\\\/2018\\\/04\\\/file15.jpeg&quot;,&quot;id&quot;:&quot;810&quot;,&quot;title&quot;:&quot;file15&quot;,&quot;alt&quot;:&quot;&quot;,&quot;caption&quot;:&quot;&quot;,&quot;itemprop&quot;:&quot;image&quot;},{&quot;src&quot;:&quot;https:\\\/\\\/wp.ufpel.edu.br\\\/faem135anos\\\/files\\\/2018\\\/04\\\/file17.jpeg&quot;,&quot;id&quot;:&quot;811&quot;,&quot;title&quot;:&quot;file17&quot;,&quot;alt&quot;:&quot;&quot;,&quot;caption&quot;:&quot;&quot;,&quot;itemprop&quot;:&quot;image&quot;},{&quot;src&quot;:&quot;https:\\\/\\\/wp.ufpel.edu.br\\\/faem135anos\\\/files\\\/2018\\\/04\\\/file18.jpeg&quot;,&quot;id&quot;:&quot;812&quot;,&quot;title&quot;:&quot;file18&quot;,&quot;alt&quot;:&quot;&quot;,&quot;caption&quot;:&quot;&quot;,&quot;itemprop&quot;:&quot;image&quot;},{&quot;src&quot;:&quot;https:\\\/\\\/wp.ufpel.edu.br\\\/faem135anos\\\/files\\\/2018\\\/04\\\/file20.jpeg&quot;,&quot;id&quot;:&quot;813&quot;,&quot;title&quot;:&quot;file20&quot;,&quot;alt&quot;:&quot;&quot;,&quot;caption&quot;:&quot;&quot;,&quot;itemprop&quot;:&quot;image&quot;}]\" itemscope itemtype=\"https:\/\/schema.org\/ImageGallery\"><\/div>\n<\/div>\n<span class=\"collapseomatic \" id=\"id69f03ba8a804a\"  tabindex=\"0\" title=\"Julho\"    >Julho<\/span><div id=\"target-id69f03ba8a804a\" class=\"collapseomatic_content \">\n<p style=\"text-align: center\"><strong>Mostra do Departamento de ci\u00eancia e tecnologia agroindustrial da Faem 135 anos<\/strong><\/p>\n<p class=\"jetpack-slideshow-noscript robots-nocontent\">Este slideshow necessita de JavaScript.<\/p><div id=\"gallery-20-3-slideshow\" class=\"jetpack-slideshow-window jetpack-slideshow jetpack-slideshow-black\" data-trans=\"fade\" data-autostart=\"1\" data-gallery=\"[{&quot;src&quot;:&quot;https:\\\/\\\/wp.ufpel.edu.br\\\/faem135anos\\\/files\\\/2018\\\/04\\\/1.jpeg&quot;,&quot;id&quot;:&quot;829&quot;,&quot;title&quot;:&quot;1&quot;,&quot;alt&quot;:&quot;&quot;,&quot;caption&quot;:&quot;&quot;,&quot;itemprop&quot;:&quot;image&quot;},{&quot;src&quot;:&quot;https:\\\/\\\/wp.ufpel.edu.br\\\/faem135anos\\\/files\\\/2018\\\/04\\\/3.jpeg&quot;,&quot;id&quot;:&quot;831&quot;,&quot;title&quot;:&quot;3&quot;,&quot;alt&quot;:&quot;&quot;,&quot;caption&quot;:&quot;&quot;,&quot;itemprop&quot;:&quot;image&quot;},{&quot;src&quot;:&quot;https:\\\/\\\/wp.ufpel.edu.br\\\/faem135anos\\\/files\\\/2018\\\/04\\\/6.jpeg&quot;,&quot;id&quot;:&quot;834&quot;,&quot;title&quot;:&quot;6&quot;,&quot;alt&quot;:&quot;&quot;,&quot;caption&quot;:&quot;&quot;,&quot;itemprop&quot;:&quot;image&quot;},{&quot;src&quot;:&quot;https:\\\/\\\/wp.ufpel.edu.br\\\/faem135anos\\\/files\\\/2018\\\/04\\\/12.jpeg&quot;,&quot;id&quot;:&quot;840&quot;,&quot;title&quot;:&quot;12&quot;,&quot;alt&quot;:&quot;&quot;,&quot;caption&quot;:&quot;&quot;,&quot;itemprop&quot;:&quot;image&quot;},{&quot;src&quot;:&quot;https:\\\/\\\/wp.ufpel.edu.br\\\/faem135anos\\\/files\\\/2018\\\/04\\\/7.jpeg&quot;,&quot;id&quot;:&quot;835&quot;,&quot;title&quot;:&quot;7&quot;,&quot;alt&quot;:&quot;&quot;,&quot;caption&quot;:&quot;&quot;,&quot;itemprop&quot;:&quot;image&quot;},{&quot;src&quot;:&quot;https:\\\/\\\/wp.ufpel.edu.br\\\/faem135anos\\\/files\\\/2018\\\/04\\\/2.jpeg&quot;,&quot;id&quot;:&quot;830&quot;,&quot;title&quot;:&quot;2&quot;,&quot;alt&quot;:&quot;&quot;,&quot;caption&quot;:&quot;&quot;,&quot;itemprop&quot;:&quot;image&quot;},{&quot;src&quot;:&quot;https:\\\/\\\/wp.ufpel.edu.br\\\/faem135anos\\\/files\\\/2018\\\/04\\\/8.jpeg&quot;,&quot;id&quot;:&quot;836&quot;,&quot;title&quot;:&quot;8&quot;,&quot;alt&quot;:&quot;&quot;,&quot;caption&quot;:&quot;&quot;,&quot;itemprop&quot;:&quot;image&quot;}]\" itemscope itemtype=\"https:\/\/schema.org\/ImageGallery\"><\/div>\n<\/div>\n<span class=\"collapseomatic \" id=\"id69f03ba8a9013\"  tabindex=\"0\" title=\"Agosto\"    >Agosto<\/span><div id=\"target-id69f03ba8a9013\" class=\"collapseomatic_content \">\n<p style=\"text-align: center\"><strong>Mostra do Departamento de Zootecnia da Faem 135 anos<\/strong><\/p>\n<p class=\"jetpack-slideshow-noscript robots-nocontent\">Este slideshow necessita de JavaScript.<\/p><div id=\"gallery-20-4-slideshow\" class=\"jetpack-slideshow-window jetpack-slideshow jetpack-slideshow-black\" data-trans=\"fade\" data-autostart=\"1\" data-gallery=\"[{&quot;src&quot;:&quot;https:\\\/\\\/wp.ufpel.edu.br\\\/faem135anos\\\/files\\\/2018\\\/04\\\/WhatsApp-Image-2018-08-29-at-15.08.05-1.jpeg&quot;,&quot;id&quot;:&quot;878&quot;,&quot;title&quot;:&quot;WhatsApp Image 2018-08-29 at 15.08.05 (1)&quot;,&quot;alt&quot;:&quot;&quot;,&quot;caption&quot;:&quot;&quot;,&quot;itemprop&quot;:&quot;image&quot;},{&quot;src&quot;:&quot;https:\\\/\\\/wp.ufpel.edu.br\\\/faem135anos\\\/files\\\/2018\\\/04\\\/WhatsApp-Image-2018-08-29-at-15.08.05.jpeg&quot;,&quot;id&quot;:&quot;879&quot;,&quot;title&quot;:&quot;WhatsApp Image 2018-08-29 at 15.08.05&quot;,&quot;alt&quot;:&quot;&quot;,&quot;caption&quot;:&quot;&quot;,&quot;itemprop&quot;:&quot;image&quot;},{&quot;src&quot;:&quot;https:\\\/\\\/wp.ufpel.edu.br\\\/faem135anos\\\/files\\\/2018\\\/04\\\/WhatsApp-Image-2018-08-29-at-15.08.06-1.jpeg&quot;,&quot;id&quot;:&quot;880&quot;,&quot;title&quot;:&quot;WhatsApp Image 2018-08-29 at 15.08.06 (1)&quot;,&quot;alt&quot;:&quot;&quot;,&quot;caption&quot;:&quot;&quot;,&quot;itemprop&quot;:&quot;image&quot;},{&quot;src&quot;:&quot;https:\\\/\\\/wp.ufpel.edu.br\\\/faem135anos\\\/files\\\/2018\\\/04\\\/WhatsApp-Image-2018-08-29-at-15.08.06-2.jpeg&quot;,&quot;id&quot;:&quot;881&quot;,&quot;title&quot;:&quot;WhatsApp Image 2018-08-29 at 15.08.06 (2)&quot;,&quot;alt&quot;:&quot;&quot;,&quot;caption&quot;:&quot;&quot;,&quot;itemprop&quot;:&quot;image&quot;},{&quot;src&quot;:&quot;https:\\\/\\\/wp.ufpel.edu.br\\\/faem135anos\\\/files\\\/2018\\\/04\\\/WhatsApp-Image-2018-08-29-at-15.08.06-3.jpeg&quot;,&quot;id&quot;:&quot;882&quot;,&quot;title&quot;:&quot;WhatsApp Image 2018-08-29 at 15.08.06 (3)&quot;,&quot;alt&quot;:&quot;&quot;,&quot;caption&quot;:&quot;&quot;,&quot;itemprop&quot;:&quot;image&quot;},{&quot;src&quot;:&quot;https:\\\/\\\/wp.ufpel.edu.br\\\/faem135anos\\\/files\\\/2018\\\/04\\\/WhatsApp-Image-2018-08-29-at-15.08.06.jpeg&quot;,&quot;id&quot;:&quot;883&quot;,&quot;title&quot;:&quot;WhatsApp Image 2018-08-29 at 15.08.06&quot;,&quot;alt&quot;:&quot;&quot;,&quot;caption&quot;:&quot;&quot;,&quot;itemprop&quot;:&quot;image&quot;}]\" itemscope itemtype=\"https:\/\/schema.org\/ImageGallery\"><\/div>\n<\/div>\n<span class=\"collapseomatic \" id=\"id69f03ba8aa090\"  tabindex=\"0\" title=\"Setembro\"    >Setembro<\/span>\n<span class=\"collapseomatic \" id=\"id69f03ba8aa0cc\"  tabindex=\"0\" title=\"Outubro\"    >Outubro<\/span><div id=\"target-id69f03ba8aa0cc\" class=\"collapseomatic_content \">\n<p><strong>Vice-reitor apadrinha o diretor da FAEM e Campanha de restaura\u00e7\u00e3o do acervo hist\u00f3rico da FAEM<\/strong><\/p>\n<p class=\"jetpack-slideshow-noscript robots-nocontent\">Este slideshow necessita de JavaScript.<\/p><div id=\"gallery-20-5-slideshow\" class=\"jetpack-slideshow-window jetpack-slideshow jetpack-slideshow-black\" data-trans=\"fade\" data-autostart=\"1\" data-gallery=\"[{&quot;src&quot;:&quot;https:\\\/\\\/wp.ufpel.edu.br\\\/faem135anos\\\/files\\\/2018\\\/04\\\/WhatsApp-Image-2018-10-22-at-15.39.18.jpeg&quot;,&quot;id&quot;:&quot;942&quot;,&quot;title&quot;:&quot;&quot;,&quot;alt&quot;:&quot;&quot;,&quot;caption&quot;:&quot;&quot;,&quot;itemprop&quot;:&quot;image&quot;},{&quot;src&quot;:&quot;https:\\\/\\\/wp.ufpel.edu.br\\\/faem135anos\\\/files\\\/2018\\\/04\\\/WhatsApp-Image-2018-10-22-at-15.39.19.jpeg&quot;,&quot;id&quot;:&quot;941&quot;,&quot;title&quot;:&quot;&quot;,&quot;alt&quot;:&quot;&quot;,&quot;caption&quot;:&quot;&quot;,&quot;itemprop&quot;:&quot;image&quot;},{&quot;src&quot;:&quot;https:\\\/\\\/wp.ufpel.edu.br\\\/faem135anos\\\/files\\\/2018\\\/04\\\/WhatsApp-Image-2018-10-22-at-15.39.20.jpeg&quot;,&quot;id&quot;:&quot;940&quot;,&quot;title&quot;:&quot;&quot;,&quot;alt&quot;:&quot;&quot;,&quot;caption&quot;:&quot;&quot;,&quot;itemprop&quot;:&quot;image&quot;},{&quot;src&quot;:&quot;https:\\\/\\\/wp.ufpel.edu.br\\\/faem135anos\\\/files\\\/2018\\\/04\\\/WhatsApp-Image-2018-10-22-at-15.39.21.jpeg&quot;,&quot;id&quot;:&quot;939&quot;,&quot;title&quot;:&quot;&quot;,&quot;alt&quot;:&quot;&quot;,&quot;caption&quot;:&quot;&quot;,&quot;itemprop&quot;:&quot;image&quot;},{&quot;src&quot;:&quot;https:\\\/\\\/wp.ufpel.edu.br\\\/faem135anos\\\/files\\\/2018\\\/04\\\/WhatsApp-Image-2018-10-22-at-15.39.22.jpeg&quot;,&quot;id&quot;:&quot;938&quot;,&quot;title&quot;:&quot;&quot;,&quot;alt&quot;:&quot;&quot;,&quot;caption&quot;:&quot;&quot;,&quot;itemprop&quot;:&quot;image&quot;},{&quot;src&quot;:&quot;https:\\\/\\\/wp.ufpel.edu.br\\\/faem135anos\\\/files\\\/2018\\\/04\\\/WhatsApp-Image-2018-10-22-at-15.40.57.jpeg&quot;,&quot;id&quot;:&quot;937&quot;,&quot;title&quot;:&quot;&quot;,&quot;alt&quot;:&quot;&quot;,&quot;caption&quot;:&quot;&quot;,&quot;itemprop&quot;:&quot;image&quot;},{&quot;src&quot;:&quot;https:\\\/\\\/wp.ufpel.edu.br\\\/faem135anos\\\/files\\\/2018\\\/04\\\/WhatsApp-Image-2018-10-22-at-15.36.17.jpeg&quot;,&quot;id&quot;:&quot;936&quot;,&quot;title&quot;:&quot;&quot;,&quot;alt&quot;:&quot;&quot;,&quot;caption&quot;:&quot;&quot;,&quot;itemprop&quot;:&quot;image&quot;},{&quot;src&quot;:&quot;https:\\\/\\\/wp.ufpel.edu.br\\\/faem135anos\\\/files\\\/2018\\\/04\\\/WhatsApp-Image-2018-10-22-at-15.36.17-1.jpeg&quot;,&quot;id&quot;:&quot;935&quot;,&quot;title&quot;:&quot;&quot;,&quot;alt&quot;:&quot;&quot;,&quot;caption&quot;:&quot;&quot;,&quot;itemprop&quot;:&quot;image&quot;}]\" itemscope itemtype=\"https:\/\/schema.org\/ImageGallery\"><\/div>\n<p>&nbsp;<\/p>\n<p><strong>Turma de agronomia da Universidade Federal de Pelotas realiza cerim\u00f4nia de formatura 50 anos depois<\/strong><\/p>\n<p>Nesta quinta-feira (18), 30 agr\u00f4nomos puderam enfim receber o diploma da gradua\u00e7\u00e3o. Eles fizeram faculdade na d\u00e9cada de 60. Terminaram o curso de agronomia na Universidade Federal de Pelotas em 1968, mas n\u00e3o puderam fazer a cerim\u00f4nia de formatura. Na \u00e9poca, o paraninfo escolhido pela turma era o ex-presidente Juscelino Kubitschek, mas segundo o atual diretor da universidade, a homenagem teria desagradado o regime militar, que vetou a solenidade um dia antes. (clique sobre a imagem para acessar a mat\u00e9ria completa)<\/p>\n<p><a href=\"https:\/\/g1.globo.com\/rs\/rio-grande-do-sul\/noticia\/2018\/10\/19\/turma-de-agronomia-da-universidade-federal-de-pelotas-realiza-cerimonia-de-formatura-50-anos-depois.ghtml?utm_source=facebook&amp;utm_medium=share-bar-smart&amp;utm_campaign=share-bar\"><img loading=\"lazy\" decoding=\"async\" class=\"aligncenter wp-image-929 size-large\" src=\"https:\/\/wp.ufpel.edu.br\/faem135anos\/files\/2018\/04\/download-1024x549.jpg\" alt=\"\" width=\"775\" height=\"416\" srcset=\"https:\/\/wp.ufpel.edu.br\/faem135anos\/files\/2018\/04\/download-1024x549.jpg 1024w, https:\/\/wp.ufpel.edu.br\/faem135anos\/files\/2018\/04\/download-400x215.jpg 400w, https:\/\/wp.ufpel.edu.br\/faem135anos\/files\/2018\/04\/download-768x412.jpg 768w, https:\/\/wp.ufpel.edu.br\/faem135anos\/files\/2018\/04\/download-373x200.jpg 373w, https:\/\/wp.ufpel.edu.br\/faem135anos\/files\/2018\/04\/download.jpg 1600w\" sizes=\"auto, (max-width: 775px) 100vw, 775px\" \/><\/a><\/p>\n<p>&nbsp;<\/p>\n<p>Mostra dos 135 anos &#8211; Departamento de solos<\/p>\n<p class=\"jetpack-slideshow-noscript robots-nocontent\">Este slideshow necessita de JavaScript.<\/p><div id=\"gallery-20-6-slideshow\" class=\"jetpack-slideshow-window jetpack-slideshow jetpack-slideshow-black\" data-trans=\"fade\" data-autostart=\"1\" data-gallery=\"[{&quot;src&quot;:&quot;https:\\\/\\\/wp.ufpel.edu.br\\\/faem135anos\\\/files\\\/2018\\\/04\\\/WhatsApp-Image-2018-10-17-at-14.12.44-1.jpeg&quot;,&quot;id&quot;:&quot;910&quot;,&quot;title&quot;:&quot;WhatsApp Image 2018-10-17 at 14.12.44 (1)&quot;,&quot;alt&quot;:&quot;&quot;,&quot;caption&quot;:&quot;&quot;,&quot;itemprop&quot;:&quot;image&quot;},{&quot;src&quot;:&quot;https:\\\/\\\/wp.ufpel.edu.br\\\/faem135anos\\\/files\\\/2018\\\/04\\\/WhatsApp-Image-2018-10-17-at-14.12.44-2.jpeg&quot;,&quot;id&quot;:&quot;911&quot;,&quot;title&quot;:&quot;WhatsApp Image 2018-10-17 at 14.12.44 (2)&quot;,&quot;alt&quot;:&quot;&quot;,&quot;caption&quot;:&quot;&quot;,&quot;itemprop&quot;:&quot;image&quot;},{&quot;src&quot;:&quot;https:\\\/\\\/wp.ufpel.edu.br\\\/faem135anos\\\/files\\\/2018\\\/04\\\/WhatsApp-Image-2018-10-17-at-14.12.44-3.jpeg&quot;,&quot;id&quot;:&quot;912&quot;,&quot;title&quot;:&quot;WhatsApp Image 2018-10-17 at 14.12.44 (3)&quot;,&quot;alt&quot;:&quot;&quot;,&quot;caption&quot;:&quot;&quot;,&quot;itemprop&quot;:&quot;image&quot;},{&quot;src&quot;:&quot;https:\\\/\\\/wp.ufpel.edu.br\\\/faem135anos\\\/files\\\/2018\\\/04\\\/WhatsApp-Image-2018-10-17-at-14.12.44-4.jpeg&quot;,&quot;id&quot;:&quot;913&quot;,&quot;title&quot;:&quot;WhatsApp Image 2018-10-17 at 14.12.44 (4)&quot;,&quot;alt&quot;:&quot;&quot;,&quot;caption&quot;:&quot;&quot;,&quot;itemprop&quot;:&quot;image&quot;},{&quot;src&quot;:&quot;https:\\\/\\\/wp.ufpel.edu.br\\\/faem135anos\\\/files\\\/2018\\\/04\\\/WhatsApp-Image-2018-10-17-at-14.12.44-5.jpeg&quot;,&quot;id&quot;:&quot;914&quot;,&quot;title&quot;:&quot;WhatsApp Image 2018-10-17 at 14.12.44 (5)&quot;,&quot;alt&quot;:&quot;&quot;,&quot;caption&quot;:&quot;&quot;,&quot;itemprop&quot;:&quot;image&quot;},{&quot;src&quot;:&quot;https:\\\/\\\/wp.ufpel.edu.br\\\/faem135anos\\\/files\\\/2018\\\/04\\\/WhatsApp-Image-2018-10-17-at-14.12.44-6.jpeg&quot;,&quot;id&quot;:&quot;915&quot;,&quot;title&quot;:&quot;WhatsApp Image 2018-10-17 at 14.12.44 (6)&quot;,&quot;alt&quot;:&quot;&quot;,&quot;caption&quot;:&quot;&quot;,&quot;itemprop&quot;:&quot;image&quot;},{&quot;src&quot;:&quot;https:\\\/\\\/wp.ufpel.edu.br\\\/faem135anos\\\/files\\\/2018\\\/04\\\/WhatsApp-Image-2018-10-17-at-14.12.44-7.jpeg&quot;,&quot;id&quot;:&quot;916&quot;,&quot;title&quot;:&quot;WhatsApp Image 2018-10-17 at 14.12.44 (7)&quot;,&quot;alt&quot;:&quot;&quot;,&quot;caption&quot;:&quot;&quot;,&quot;itemprop&quot;:&quot;image&quot;},{&quot;src&quot;:&quot;https:\\\/\\\/wp.ufpel.edu.br\\\/faem135anos\\\/files\\\/2018\\\/04\\\/WhatsApp-Image-2018-10-17-at-14.12.44-8.jpeg&quot;,&quot;id&quot;:&quot;917&quot;,&quot;title&quot;:&quot;WhatsApp Image 2018-10-17 at 14.12.44 (8)&quot;,&quot;alt&quot;:&quot;&quot;,&quot;caption&quot;:&quot;&quot;,&quot;itemprop&quot;:&quot;image&quot;},{&quot;src&quot;:&quot;https:\\\/\\\/wp.ufpel.edu.br\\\/faem135anos\\\/files\\\/2018\\\/04\\\/WhatsApp-Image-2018-10-17-at-14.12.44-9.jpeg&quot;,&quot;id&quot;:&quot;918&quot;,&quot;title&quot;:&quot;WhatsApp Image 2018-10-17 at 14.12.44 (9)&quot;,&quot;alt&quot;:&quot;&quot;,&quot;caption&quot;:&quot;&quot;,&quot;itemprop&quot;:&quot;image&quot;},{&quot;src&quot;:&quot;https:\\\/\\\/wp.ufpel.edu.br\\\/faem135anos\\\/files\\\/2018\\\/04\\\/WhatsApp-Image-2018-10-17-at-14.12.44-10.jpeg&quot;,&quot;id&quot;:&quot;919&quot;,&quot;title&quot;:&quot;WhatsApp Image 2018-10-17 at 14.12.44 (10)&quot;,&quot;alt&quot;:&quot;&quot;,&quot;caption&quot;:&quot;&quot;,&quot;itemprop&quot;:&quot;image&quot;},{&quot;src&quot;:&quot;https:\\\/\\\/wp.ufpel.edu.br\\\/faem135anos\\\/files\\\/2018\\\/04\\\/WhatsApp-Image-2018-10-17-at-14.12.44-11.jpeg&quot;,&quot;id&quot;:&quot;920&quot;,&quot;title&quot;:&quot;WhatsApp Image 2018-10-17 at 14.12.44 (11)&quot;,&quot;alt&quot;:&quot;&quot;,&quot;caption&quot;:&quot;&quot;,&quot;itemprop&quot;:&quot;image&quot;},{&quot;src&quot;:&quot;https:\\\/\\\/wp.ufpel.edu.br\\\/faem135anos\\\/files\\\/2018\\\/04\\\/WhatsApp-Image-2018-10-17-at-14.12.44-12.jpeg&quot;,&quot;id&quot;:&quot;921&quot;,&quot;title&quot;:&quot;WhatsApp Image 2018-10-17 at 14.12.44 (12)&quot;,&quot;alt&quot;:&quot;&quot;,&quot;caption&quot;:&quot;&quot;,&quot;itemprop&quot;:&quot;image&quot;},{&quot;src&quot;:&quot;https:\\\/\\\/wp.ufpel.edu.br\\\/faem135anos\\\/files\\\/2018\\\/04\\\/WhatsApp-Image-2018-10-17-at-14.12.44.jpeg&quot;,&quot;id&quot;:&quot;922&quot;,&quot;title&quot;:&quot;WhatsApp Image 2018-10-17 at 14.12.44&quot;,&quot;alt&quot;:&quot;&quot;,&quot;caption&quot;:&quot;&quot;,&quot;itemprop&quot;:&quot;image&quot;},{&quot;src&quot;:&quot;https:\\\/\\\/wp.ufpel.edu.br\\\/faem135anos\\\/files\\\/2018\\\/04\\\/WhatsApp-Image-2018-10-17-at-14.12.45-1.jpeg&quot;,&quot;id&quot;:&quot;923&quot;,&quot;title&quot;:&quot;WhatsApp Image 2018-10-17 at 14.12.45 (1)&quot;,&quot;alt&quot;:&quot;&quot;,&quot;caption&quot;:&quot;&quot;,&quot;itemprop&quot;:&quot;image&quot;},{&quot;src&quot;:&quot;https:\\\/\\\/wp.ufpel.edu.br\\\/faem135anos\\\/files\\\/2018\\\/04\\\/WhatsApp-Image-2018-10-17-at-14.12.45.jpeg&quot;,&quot;id&quot;:&quot;924&quot;,&quot;title&quot;:&quot;WhatsApp Image 2018-10-17 at 14.12.45&quot;,&quot;alt&quot;:&quot;&quot;,&quot;caption&quot;:&quot;&quot;,&quot;itemprop&quot;:&quot;image&quot;}]\" itemscope itemtype=\"https:\/\/schema.org\/ImageGallery\"><\/div>\n<p>&nbsp;<\/p>\n<p>FAEM 135 anos na 92\u00aa Expofeira de Pelotas<\/p>\n<p class=\"jetpack-slideshow-noscript robots-nocontent\">Este slideshow necessita de JavaScript.<\/p><div id=\"gallery-20-7-slideshow\" class=\"jetpack-slideshow-window jetpack-slideshow jetpack-slideshow-black\" data-trans=\"fade\" data-autostart=\"1\" data-gallery=\"[{&quot;src&quot;:&quot;https:\\\/\\\/wp.ufpel.edu.br\\\/faem135anos\\\/files\\\/2018\\\/04\\\/1-1.jpeg&quot;,&quot;id&quot;:&quot;894&quot;,&quot;title&quot;:&quot;1&quot;,&quot;alt&quot;:&quot;&quot;,&quot;caption&quot;:&quot;&quot;,&quot;itemprop&quot;:&quot;image&quot;},{&quot;src&quot;:&quot;https:\\\/\\\/wp.ufpel.edu.br\\\/faem135anos\\\/files\\\/2018\\\/04\\\/2-1.jpeg&quot;,&quot;id&quot;:&quot;895&quot;,&quot;title&quot;:&quot;2&quot;,&quot;alt&quot;:&quot;&quot;,&quot;caption&quot;:&quot;&quot;,&quot;itemprop&quot;:&quot;image&quot;},{&quot;src&quot;:&quot;https:\\\/\\\/wp.ufpel.edu.br\\\/faem135anos\\\/files\\\/2018\\\/04\\\/3-1.jpeg&quot;,&quot;id&quot;:&quot;896&quot;,&quot;title&quot;:&quot;3&quot;,&quot;alt&quot;:&quot;&quot;,&quot;caption&quot;:&quot;&quot;,&quot;itemprop&quot;:&quot;image&quot;},{&quot;src&quot;:&quot;https:\\\/\\\/wp.ufpel.edu.br\\\/faem135anos\\\/files\\\/2018\\\/04\\\/4-1.jpeg&quot;,&quot;id&quot;:&quot;897&quot;,&quot;title&quot;:&quot;4&quot;,&quot;alt&quot;:&quot;&quot;,&quot;caption&quot;:&quot;&quot;,&quot;itemprop&quot;:&quot;image&quot;},{&quot;src&quot;:&quot;https:\\\/\\\/wp.ufpel.edu.br\\\/faem135anos\\\/files\\\/2018\\\/04\\\/5-1.jpeg&quot;,&quot;id&quot;:&quot;898&quot;,&quot;title&quot;:&quot;5&quot;,&quot;alt&quot;:&quot;&quot;,&quot;caption&quot;:&quot;&quot;,&quot;itemprop&quot;:&quot;image&quot;},{&quot;src&quot;:&quot;https:\\\/\\\/wp.ufpel.edu.br\\\/faem135anos\\\/files\\\/2018\\\/04\\\/6-1.jpeg&quot;,&quot;id&quot;:&quot;899&quot;,&quot;title&quot;:&quot;6&quot;,&quot;alt&quot;:&quot;&quot;,&quot;caption&quot;:&quot;&quot;,&quot;itemprop&quot;:&quot;image&quot;},{&quot;src&quot;:&quot;https:\\\/\\\/wp.ufpel.edu.br\\\/faem135anos\\\/files\\\/2018\\\/04\\\/7-1.jpeg&quot;,&quot;id&quot;:&quot;900&quot;,&quot;title&quot;:&quot;7&quot;,&quot;alt&quot;:&quot;&quot;,&quot;caption&quot;:&quot;&quot;,&quot;itemprop&quot;:&quot;image&quot;},{&quot;src&quot;:&quot;https:\\\/\\\/wp.ufpel.edu.br\\\/faem135anos\\\/files\\\/2018\\\/04\\\/8-1.jpeg&quot;,&quot;id&quot;:&quot;901&quot;,&quot;title&quot;:&quot;8&quot;,&quot;alt&quot;:&quot;&quot;,&quot;caption&quot;:&quot;&quot;,&quot;itemprop&quot;:&quot;image&quot;},{&quot;src&quot;:&quot;https:\\\/\\\/wp.ufpel.edu.br\\\/faem135anos\\\/files\\\/2018\\\/04\\\/9-1.jpeg&quot;,&quot;id&quot;:&quot;902&quot;,&quot;title&quot;:&quot;9&quot;,&quot;alt&quot;:&quot;&quot;,&quot;caption&quot;:&quot;&quot;,&quot;itemprop&quot;:&quot;image&quot;},{&quot;src&quot;:&quot;https:\\\/\\\/wp.ufpel.edu.br\\\/faem135anos\\\/files\\\/2018\\\/04\\\/10-1.jpeg&quot;,&quot;id&quot;:&quot;903&quot;,&quot;title&quot;:&quot;10&quot;,&quot;alt&quot;:&quot;&quot;,&quot;caption&quot;:&quot;&quot;,&quot;itemprop&quot;:&quot;image&quot;},{&quot;src&quot;:&quot;https:\\\/\\\/wp.ufpel.edu.br\\\/faem135anos\\\/files\\\/2018\\\/04\\\/11-1.jpeg&quot;,&quot;id&quot;:&quot;904&quot;,&quot;title&quot;:&quot;11&quot;,&quot;alt&quot;:&quot;&quot;,&quot;caption&quot;:&quot;&quot;,&quot;itemprop&quot;:&quot;image&quot;},{&quot;src&quot;:&quot;https:\\\/\\\/wp.ufpel.edu.br\\\/faem135anos\\\/files\\\/2018\\\/04\\\/12-1.jpeg&quot;,&quot;id&quot;:&quot;905&quot;,&quot;title&quot;:&quot;12&quot;,&quot;alt&quot;:&quot;&quot;,&quot;caption&quot;:&quot;&quot;,&quot;itemprop&quot;:&quot;image&quot;}]\" itemscope itemtype=\"https:\/\/schema.org\/ImageGallery\"><\/div>\n<\/div>\n<span class=\"collapseomatic \" id=\"id69f03ba8acfe1\"  tabindex=\"0\" title=\"Novembro\"    >Novembro<\/span><div id=\"target-id69f03ba8acfe1\" class=\"collapseomatic_content \">\n<p style=\"text-align: center\"><strong>Mostra do departamento de fitossanidade <\/strong><\/p>\n<p class=\"jetpack-slideshow-noscript robots-nocontent\">Este slideshow necessita de JavaScript.<\/p><div id=\"gallery-20-8-slideshow\" class=\"jetpack-slideshow-window jetpack-slideshow jetpack-slideshow-black\" data-trans=\"fade\" data-autostart=\"1\" data-gallery=\"[{&quot;src&quot;:&quot;https:\\\/\\\/wp.ufpel.edu.br\\\/faem135anos\\\/files\\\/2018\\\/04\\\/WhatsApp-Image-2018-11-29-at-12.17.26-1.jpeg&quot;,&quot;id&quot;:&quot;962&quot;,&quot;title&quot;:&quot;1&quot;,&quot;alt&quot;:&quot;&quot;,&quot;caption&quot;:&quot;&quot;,&quot;itemprop&quot;:&quot;image&quot;},{&quot;src&quot;:&quot;https:\\\/\\\/wp.ufpel.edu.br\\\/faem135anos\\\/files\\\/2018\\\/04\\\/WhatsApp-Image-2018-11-29-at-12.17.26-2.jpeg&quot;,&quot;id&quot;:&quot;963&quot;,&quot;title&quot;:&quot;2&quot;,&quot;alt&quot;:&quot;&quot;,&quot;caption&quot;:&quot;&quot;,&quot;itemprop&quot;:&quot;image&quot;},{&quot;src&quot;:&quot;https:\\\/\\\/wp.ufpel.edu.br\\\/faem135anos\\\/files\\\/2018\\\/04\\\/WhatsApp-Image-2018-11-29-at-12.17.26-3.jpeg&quot;,&quot;id&quot;:&quot;964&quot;,&quot;title&quot;:&quot;3&quot;,&quot;alt&quot;:&quot;&quot;,&quot;caption&quot;:&quot;&quot;,&quot;itemprop&quot;:&quot;image&quot;},{&quot;src&quot;:&quot;https:\\\/\\\/wp.ufpel.edu.br\\\/faem135anos\\\/files\\\/2018\\\/04\\\/WhatsApp-Image-2018-11-29-at-12.17.26.jpeg&quot;,&quot;id&quot;:&quot;965&quot;,&quot;title&quot;:&quot;4&quot;,&quot;alt&quot;:&quot;&quot;,&quot;caption&quot;:&quot;&quot;,&quot;itemprop&quot;:&quot;image&quot;},{&quot;src&quot;:&quot;https:\\\/\\\/wp.ufpel.edu.br\\\/faem135anos\\\/files\\\/2018\\\/04\\\/WhatsApp-Image-2018-11-29-at-12.17.27-1.jpeg&quot;,&quot;id&quot;:&quot;966&quot;,&quot;title&quot;:&quot;5&quot;,&quot;alt&quot;:&quot;&quot;,&quot;caption&quot;:&quot;&quot;,&quot;itemprop&quot;:&quot;image&quot;},{&quot;src&quot;:&quot;https:\\\/\\\/wp.ufpel.edu.br\\\/faem135anos\\\/files\\\/2018\\\/04\\\/WhatsApp-Image-2018-11-29-at-12.17.27-2.jpeg&quot;,&quot;id&quot;:&quot;967&quot;,&quot;title&quot;:&quot;6&quot;,&quot;alt&quot;:&quot;&quot;,&quot;caption&quot;:&quot;&quot;,&quot;itemprop&quot;:&quot;image&quot;},{&quot;src&quot;:&quot;https:\\\/\\\/wp.ufpel.edu.br\\\/faem135anos\\\/files\\\/2018\\\/04\\\/WhatsApp-Image-2018-11-29-at-12.17.27-3.jpeg&quot;,&quot;id&quot;:&quot;968&quot;,&quot;title&quot;:&quot;7&quot;,&quot;alt&quot;:&quot;&quot;,&quot;caption&quot;:&quot;&quot;,&quot;itemprop&quot;:&quot;image&quot;},{&quot;src&quot;:&quot;https:\\\/\\\/wp.ufpel.edu.br\\\/faem135anos\\\/files\\\/2018\\\/04\\\/WhatsApp-Image-2018-11-29-at-12.17.27.jpeg&quot;,&quot;id&quot;:&quot;969&quot;,&quot;title&quot;:&quot;8&quot;,&quot;alt&quot;:&quot;&quot;,&quot;caption&quot;:&quot;&quot;,&quot;itemprop&quot;:&quot;image&quot;}]\" itemscope itemtype=\"https:\/\/schema.org\/ImageGallery\"><\/div>\n<p>&nbsp;<\/p>\n<p style=\"text-align: center\"><strong>Montagem do Espa\u00e7o expositivo do Hall do sal\u00e3o nobre da Faem<\/strong><br \/>\n<em>Curadoria Prof.\u00aa Andrea Bachetini e Mariane Rosenthal<\/em><br \/>\n<em>Acervo doado pela Prof.\u00aa Nirce Saffer mMdvedovski<\/em><\/p>\n<p class=\"jetpack-slideshow-noscript robots-nocontent\">Este slideshow necessita de JavaScript.<\/p><div id=\"gallery-20-9-slideshow\" class=\"jetpack-slideshow-window jetpack-slideshow jetpack-slideshow-black\" data-trans=\"fade\" data-autostart=\"1\" data-gallery=\"[{&quot;src&quot;:&quot;https:\\\/\\\/wp.ufpel.edu.br\\\/faem135anos\\\/files\\\/2018\\\/04\\\/WhatsApp-Image-2018-11-29-at-11.56.16.jpeg&quot;,&quot;id&quot;:&quot;971&quot;,&quot;title&quot;:&quot;1&quot;,&quot;alt&quot;:&quot;&quot;,&quot;caption&quot;:&quot;&quot;,&quot;itemprop&quot;:&quot;image&quot;},{&quot;src&quot;:&quot;https:\\\/\\\/wp.ufpel.edu.br\\\/faem135anos\\\/files\\\/2018\\\/04\\\/WhatsApp-Image-2018-11-29-at-11.56.17-1.jpeg&quot;,&quot;id&quot;:&quot;972&quot;,&quot;title&quot;:&quot;2&quot;,&quot;alt&quot;:&quot;&quot;,&quot;caption&quot;:&quot;&quot;,&quot;itemprop&quot;:&quot;image&quot;},{&quot;src&quot;:&quot;https:\\\/\\\/wp.ufpel.edu.br\\\/faem135anos\\\/files\\\/2018\\\/04\\\/WhatsApp-Image-2018-11-29-at-11.56.17.jpeg&quot;,&quot;id&quot;:&quot;973&quot;,&quot;title&quot;:&quot;3&quot;,&quot;alt&quot;:&quot;&quot;,&quot;caption&quot;:&quot;&quot;,&quot;itemprop&quot;:&quot;image&quot;},{&quot;src&quot;:&quot;https:\\\/\\\/wp.ufpel.edu.br\\\/faem135anos\\\/files\\\/2018\\\/04\\\/WhatsApp-Image-2018-11-29-at-11.56.18.jpeg&quot;,&quot;id&quot;:&quot;974&quot;,&quot;title&quot;:&quot;4&quot;,&quot;alt&quot;:&quot;&quot;,&quot;caption&quot;:&quot;&quot;,&quot;itemprop&quot;:&quot;image&quot;},{&quot;src&quot;:&quot;https:\\\/\\\/wp.ufpel.edu.br\\\/faem135anos\\\/files\\\/2018\\\/04\\\/WhatsApp-Image-2018-11-29-at-12.04.37.jpeg&quot;,&quot;id&quot;:&quot;975&quot;,&quot;title&quot;:&quot;5&quot;,&quot;alt&quot;:&quot;&quot;,&quot;caption&quot;:&quot;&quot;,&quot;itemprop&quot;:&quot;image&quot;}]\" itemscope itemtype=\"https:\/\/schema.org\/ImageGallery\"><\/div>\n<\/div>\n","protected":false},"excerpt":{"rendered":"<p>Dezembro<\/p>\n","protected":false},"author":418,"featured_media":0,"comment_status":"closed","ping_status":"closed","sticky":false,"template":"","format":"gallery","meta":{"jetpack_post_was_ever_published":false,"_jetpack_newsletter_access":"","_jetpack_dont_email_post_to_subs":false,"_jetpack_newsletter_tier_id":0,"_jetpack_memberships_contains_paywalled_content":false,"_jetpack_memberships_contains_paid_content":false,"footnotes":"","jetpack_publicize_message":"","jetpack_publicize_feature_enabled":true,"jetpack_social_post_already_shared":false,"jetpack_social_options":{"image_generator_settings":{"template":"highway","default_image_id":0,"font":"","enabled":false},"version":2}},"categories":[1],"tags":[],"class_list":["post-20","post","type-post","status-publish","format-gallery","hentry","category-noticias","post_format-post-format-gallery"],"jetpack_publicize_connections":[],"jetpack_featured_media_url":"","jetpack_sharing_enabled":true,"jetpack_shortlink":"https:\/\/wp.me\/p9NwXj-k","_links":{"self":[{"href":"https:\/\/wp.ufpel.edu.br\/faem135anos\/wp-json\/wp\/v2\/posts\/20","targetHints":{"allow":["GET"]}}],"collection":[{"href":"https:\/\/wp.ufpel.edu.br\/faem135anos\/wp-json\/wp\/v2\/posts"}],"about":[{"href":"https:\/\/wp.ufpel.edu.br\/faem135anos\/wp-json\/wp\/v2\/types\/post"}],"author":[{"embeddable":true,"href":"https:\/\/wp.ufpel.edu.br\/faem135anos\/wp-json\/wp\/v2\/users\/418"}],"replies":[{"embeddable":true,"href":"https:\/\/wp.ufpel.edu.br\/faem135anos\/wp-json\/wp\/v2\/comments?post=20"}],"version-history":[{"count":118,"href":"https:\/\/wp.ufpel.edu.br\/faem135anos\/wp-json\/wp\/v2\/posts\/20\/revisions"}],"predecessor-version":[{"id":977,"href":"https:\/\/wp.ufpel.edu.br\/faem135anos\/wp-json\/wp\/v2\/posts\/20\/revisions\/977"}],"wp:attachment":[{"href":"https:\/\/wp.ufpel.edu.br\/faem135anos\/wp-json\/wp\/v2\/media?parent=20"}],"wp:term":[{"taxonomy":"category","embeddable":true,"href":"https:\/\/wp.ufpel.edu.br\/faem135anos\/wp-json\/wp\/v2\/categories?post=20"},{"taxonomy":"post_tag","embeddable":true,"href":"https:\/\/wp.ufpel.edu.br\/faem135anos\/wp-json\/wp\/v2\/tags?post=20"}],"curies":[{"name":"wp","href":"https:\/\/api.w.org\/{rel}","templated":true}]}}