{"id":5985,"date":"2026-03-31T17:34:49","date_gmt":"2026-03-31T20:34:49","guid":{"rendered":"https:\/\/wp.ufpel.edu.br\/faem\/?p=5985"},"modified":"2026-03-31T17:34:49","modified_gmt":"2026-03-31T20:34:49","slug":"faem-ufpel-convida-para-aula-inaugural-do-semestre-letivo-2026-1","status":"publish","type":"post","link":"https:\/\/wp.ufpel.edu.br\/faem\/2026\/03\/31\/faem-ufpel-convida-para-aula-inaugural-do-semestre-letivo-2026-1\/","title":{"rendered":"FAEM\/UFPel convida para Aula Inaugural do Semestre Letivo 2026\/1"},"content":{"rendered":"<p>A Faculdade de Agronomia Eliseu Maciel (FAEM\/UFPel) convida toda a comunidade acad\u00eamica \u2014 estudantes, docentes, t\u00e9cnicos e parceiros \u2014 para a Aula Inaugural do semestre letivo 2026\/1.<br \/>\n.<br \/>\n<a href=\"https:\/\/wp.ufpel.edu.br\/faem\/files\/2026\/03\/b83aa388-d1cd-4310-aea3-34df642fd119.jpg\"><img class=\"size-medium wp-image-5982 alignleft\" src=\"https:\/\/wp.ufpel.edu.br\/faem\/files\/2026\/03\/b83aa388-d1cd-4310-aea3-34df642fd119-300x400.jpg\" alt=\"\" width=\"300\" height=\"400\" srcset=\"https:\/\/wp.ufpel.edu.br\/faem\/files\/2026\/03\/b83aa388-d1cd-4310-aea3-34df642fd119-300x400.jpg 300w, https:\/\/wp.ufpel.edu.br\/faem\/files\/2026\/03\/b83aa388-d1cd-4310-aea3-34df642fd119-768x1024.jpg 768w, https:\/\/wp.ufpel.edu.br\/faem\/files\/2026\/03\/b83aa388-d1cd-4310-aea3-34df642fd119.jpg 1080w\" sizes=\"(max-width: 300px) 100vw, 300px\" \/><\/a>Com o tema \u201cExplorando as oportunidades do agroneg\u00f3cio na Zona Sul do Rio Grande do Sul\u201d, o encontro ser\u00e1 um momento especial que conecta a forma\u00e7\u00e3o acad\u00eamica \u00e0s oportunidades reais do agroneg\u00f3cio, aproximando conhecimento, territ\u00f3rio e atua\u00e7\u00e3o profissional<\/p>\n<p>A aula contar\u00e1 com a presen\u00e7a do ex-aluno da FAEM\/UFPel, Engenheiro Agr\u00f4nomo e Deputado Federal Afonso Hamm, que compartilhar\u00e1 sua trajet\u00f3ria e vis\u00e3o sobre o desenvolvimento do setor, evidenciando como a universidade forma profissionais capazes de gerar impacto no Brasil.<\/p>\n<p>Data: <strong>06 de abril de 2026<\/strong><br \/>\nLocal: <strong>Audit\u00f3rio da FAEM<\/strong><br \/>\n<strong>Hor\u00e1rio<\/strong>: 10:00 horas<\/p>\n<p>Mais do que marcar o in\u00edcio de um novo semestre, este momento simboliza o papel da FAEM como uma institui\u00e7\u00e3o que conecta pessoas, conhecimento e futuro, formando l\u00edderes para os desafios do agro.<br \/>\nContamos com a presen\u00e7a de todos para esse importante momento de integra\u00e7\u00e3o e inspira\u00e7\u00e3o.<\/p>\n","protected":false},"excerpt":{"rendered":"<p>A Faculdade de Agronomia Eliseu Maciel (FAEM\/UFPel) convida toda a comunidade acad\u00eamica \u2014 estudantes, docentes, t\u00e9cnicos e parceiros \u2014 para a Aula Inaugural do semestre letivo 2026\/1. . Com o tema \u201cExplorando as oportunidades do agroneg\u00f3cio na Zona Sul do Rio Grande do Sul\u201d, o encontro ser\u00e1 um momento especial que conecta a forma\u00e7\u00e3o acad\u00eamica [&hellip;]<\/p>\n","protected":false},"author":235,"featured_media":0,"comment_status":"closed","ping_status":"closed","sticky":false,"template":"","format":"standard","meta":{"_jetpack_memberships_contains_paid_content":false,"footnotes":""},"categories":[18],"tags":[],"class_list":["post-5985","post","type-post","status-publish","format-standard","hentry","category-sem-categoria"],"jetpack_featured_media_url":"","jetpack_sharing_enabled":true,"_links":{"self":[{"href":"https:\/\/wp.ufpel.edu.br\/faem\/wp-json\/wp\/v2\/posts\/5985","targetHints":{"allow":["GET"]}}],"collection":[{"href":"https:\/\/wp.ufpel.edu.br\/faem\/wp-json\/wp\/v2\/posts"}],"about":[{"href":"https:\/\/wp.ufpel.edu.br\/faem\/wp-json\/wp\/v2\/types\/post"}],"author":[{"embeddable":true,"href":"https:\/\/wp.ufpel.edu.br\/faem\/wp-json\/wp\/v2\/users\/235"}],"replies":[{"embeddable":true,"href":"https:\/\/wp.ufpel.edu.br\/faem\/wp-json\/wp\/v2\/comments?post=5985"}],"version-history":[{"count":1,"href":"https:\/\/wp.ufpel.edu.br\/faem\/wp-json\/wp\/v2\/posts\/5985\/revisions"}],"predecessor-version":[{"id":5987,"href":"https:\/\/wp.ufpel.edu.br\/faem\/wp-json\/wp\/v2\/posts\/5985\/revisions\/5987"}],"wp:attachment":[{"href":"https:\/\/wp.ufpel.edu.br\/faem\/wp-json\/wp\/v2\/media?parent=5985"}],"wp:term":[{"taxonomy":"category","embeddable":true,"href":"https:\/\/wp.ufpel.edu.br\/faem\/wp-json\/wp\/v2\/categories?post=5985"},{"taxonomy":"post_tag","embeddable":true,"href":"https:\/\/wp.ufpel.edu.br\/faem\/wp-json\/wp\/v2\/tags?post=5985"}],"curies":[{"name":"wp","href":"https:\/\/api.w.org\/{rel}","templated":true}]}}