{"id":5616,"date":"2025-04-01T17:22:29","date_gmt":"2025-04-01T20:22:29","guid":{"rendered":"https:\/\/wp.ufpel.edu.br\/faem\/?p=5616"},"modified":"2025-04-01T17:22:29","modified_gmt":"2025-04-01T20:22:29","slug":"trinetos-de-eliseu-maciel-visitam-faem","status":"publish","type":"post","link":"https:\/\/wp.ufpel.edu.br\/faem\/2025\/04\/01\/trinetos-de-eliseu-maciel-visitam-faem\/","title":{"rendered":"Trinetos de Eliseu Maciel visitam FAEM"},"content":{"rendered":"<p>Por interm\u00e9dio do Eng. Agr\u00f4nomo Eduardo Duval, servidos aposentado da FAEM, descendentes de Eliseu Antunes Maciel realizaram uma visita de cortesia \u00e0 FAEM, onde foram recebidos pelo diretor Prof. Dirceu Agostinetto.<\/p>\n<p>A hist\u00f3ria e os feitos de Eliseu Maciel foram rememorados, momentos de grande emo\u00e7\u00e3o por parte dos presentes.<\/p>\n<p><a href=\"https:\/\/wp.ufpel.edu.br\/faem\/files\/2025\/04\/Visita-Eliseu.jpeg\"><img class=\"alignnone size-medium wp-image-5615\" src=\"https:\/\/wp.ufpel.edu.br\/faem\/files\/2025\/04\/Visita-Eliseu-400x225.jpeg\" alt=\"\" width=\"400\" height=\"225\" srcset=\"https:\/\/wp.ufpel.edu.br\/faem\/files\/2025\/04\/Visita-Eliseu-400x225.jpeg 400w, https:\/\/wp.ufpel.edu.br\/faem\/files\/2025\/04\/Visita-Eliseu-1024x577.jpeg 1024w, https:\/\/wp.ufpel.edu.br\/faem\/files\/2025\/04\/Visita-Eliseu-768x432.jpeg 768w, https:\/\/wp.ufpel.edu.br\/faem\/files\/2025\/04\/Visita-Eliseu.jpeg 1156w\" sizes=\"(max-width: 400px) 100vw, 400px\" \/><\/a><\/p>\n<p>Da esquerda para a direita: Eduardo Duval, Adriana Aranha Antunes Maciel Hapner e Arnaldo Antunes Maciel Leal Medeiros, ambos trinetos de Eliseu Antunes Maciel,\u00a0 M\u00f4nica Mello Machado Leal Medeiros, (esposa de Arnaldo) e Dirceu Agostineto.<br \/>\nA Adriana \u00e9 filha de Osvaldo Antunes Maciel que se formou na FAEM Turma de 1.961.<\/p>\n<p>&nbsp;<\/p>\n","protected":false},"excerpt":{"rendered":"<p>Por interm\u00e9dio do Eng. Agr\u00f4nomo Eduardo Duval, servidos aposentado da FAEM, descendentes de Eliseu Antunes Maciel realizaram uma visita de cortesia \u00e0 FAEM, onde foram recebidos pelo diretor Prof. Dirceu Agostinetto. A hist\u00f3ria e os feitos de Eliseu Maciel foram rememorados, momentos de grande emo\u00e7\u00e3o por parte dos presentes. Da esquerda para a direita: Eduardo [&hellip;]<\/p>\n","protected":false},"author":235,"featured_media":0,"comment_status":"closed","ping_status":"closed","sticky":false,"template":"","format":"standard","meta":{"_jetpack_memberships_contains_paid_content":false,"footnotes":""},"categories":[18],"tags":[],"class_list":["post-5616","post","type-post","status-publish","format-standard","hentry","category-sem-categoria"],"jetpack_featured_media_url":"","jetpack_sharing_enabled":true,"_links":{"self":[{"href":"https:\/\/wp.ufpel.edu.br\/faem\/wp-json\/wp\/v2\/posts\/5616","targetHints":{"allow":["GET"]}}],"collection":[{"href":"https:\/\/wp.ufpel.edu.br\/faem\/wp-json\/wp\/v2\/posts"}],"about":[{"href":"https:\/\/wp.ufpel.edu.br\/faem\/wp-json\/wp\/v2\/types\/post"}],"author":[{"embeddable":true,"href":"https:\/\/wp.ufpel.edu.br\/faem\/wp-json\/wp\/v2\/users\/235"}],"replies":[{"embeddable":true,"href":"https:\/\/wp.ufpel.edu.br\/faem\/wp-json\/wp\/v2\/comments?post=5616"}],"version-history":[{"count":1,"href":"https:\/\/wp.ufpel.edu.br\/faem\/wp-json\/wp\/v2\/posts\/5616\/revisions"}],"predecessor-version":[{"id":5618,"href":"https:\/\/wp.ufpel.edu.br\/faem\/wp-json\/wp\/v2\/posts\/5616\/revisions\/5618"}],"wp:attachment":[{"href":"https:\/\/wp.ufpel.edu.br\/faem\/wp-json\/wp\/v2\/media?parent=5616"}],"wp:term":[{"taxonomy":"category","embeddable":true,"href":"https:\/\/wp.ufpel.edu.br\/faem\/wp-json\/wp\/v2\/categories?post=5616"},{"taxonomy":"post_tag","embeddable":true,"href":"https:\/\/wp.ufpel.edu.br\/faem\/wp-json\/wp\/v2\/tags?post=5616"}],"curies":[{"name":"wp","href":"https:\/\/api.w.org\/{rel}","templated":true}]}}