{"id":5577,"date":"2025-02-27T14:49:50","date_gmt":"2025-02-27T17:49:50","guid":{"rendered":"https:\/\/wp.ufpel.edu.br\/faem\/?p=5577"},"modified":"2025-02-27T15:18:12","modified_gmt":"2025-02-27T18:18:12","slug":"publico-prestigia-dia-de-campo-institucional-da-faem","status":"publish","type":"post","link":"https:\/\/wp.ufpel.edu.br\/faem\/2025\/02\/27\/publico-prestigia-dia-de-campo-institucional-da-faem\/","title":{"rendered":"P\u00fablico prestigia Dia de campo institucional da FAEM"},"content":{"rendered":"<p>Cerca de 250 pessoas participaram do Dia de Campo Institucional da FAEM, <strong>evento que se caracteriza como uma importante atividade de extens\u00e3o de nossa Faculdade.<\/strong><\/p>\n<p><a href=\"https:\/\/wp.ufpel.edu.br\/faem\/files\/2025\/02\/FAEM-scaled.jpg\"><img class=\"size-medium wp-image-5582 aligncenter\" src=\"https:\/\/wp.ufpel.edu.br\/faem\/files\/2025\/02\/FAEM-400x225.jpg\" alt=\"\" width=\"400\" height=\"225\" srcset=\"https:\/\/wp.ufpel.edu.br\/faem\/files\/2025\/02\/FAEM-400x225.jpg 400w, https:\/\/wp.ufpel.edu.br\/faem\/files\/2025\/02\/FAEM-1024x576.jpg 1024w, https:\/\/wp.ufpel.edu.br\/faem\/files\/2025\/02\/FAEM-768x432.jpg 768w, https:\/\/wp.ufpel.edu.br\/faem\/files\/2025\/02\/FAEM-1536x864.jpg 1536w, https:\/\/wp.ufpel.edu.br\/faem\/files\/2025\/02\/FAEM-2048x1152.jpg 2048w\" sizes=\"(max-width: 400px) 100vw, 400px\" \/><\/a><\/p>\n<p>Os participantes foram recepcionados no Audit\u00f3rio da FAEM, com discursos da Reitora Ursula Rosa da Silva, Diretor da FAEM Dirceu Agostinetto e Coordenador do Evento Filipe Selau Carlos.<\/p>\n<p style=\"text-align: center;\"><a href=\"https:\/\/wp.ufpel.edu.br\/faem\/files\/2025\/02\/Reitora_diretor_coordenador-scaled.jpg\"><img class=\"alignnone  wp-image-5583\" src=\"https:\/\/wp.ufpel.edu.br\/faem\/files\/2025\/02\/Reitora_diretor_coordenador-400x225.jpg\" alt=\"\" width=\"329\" height=\"185\" srcset=\"https:\/\/wp.ufpel.edu.br\/faem\/files\/2025\/02\/Reitora_diretor_coordenador-400x225.jpg 400w, https:\/\/wp.ufpel.edu.br\/faem\/files\/2025\/02\/Reitora_diretor_coordenador-1024x576.jpg 1024w, https:\/\/wp.ufpel.edu.br\/faem\/files\/2025\/02\/Reitora_diretor_coordenador-768x432.jpg 768w, https:\/\/wp.ufpel.edu.br\/faem\/files\/2025\/02\/Reitora_diretor_coordenador-1536x864.jpg 1536w, https:\/\/wp.ufpel.edu.br\/faem\/files\/2025\/02\/Reitora_diretor_coordenador-2048x1152.jpg 2048w\" sizes=\"(max-width: 329px) 100vw, 329px\" \/><\/a> <a href=\"https:\/\/wp.ufpel.edu.br\/faem\/files\/2025\/02\/Auditorio-scaled.jpg\"><img class=\"alignnone  wp-image-5584\" src=\"https:\/\/wp.ufpel.edu.br\/faem\/files\/2025\/02\/Auditorio-400x225.jpg\" alt=\"\" width=\"329\" height=\"185\" srcset=\"https:\/\/wp.ufpel.edu.br\/faem\/files\/2025\/02\/Auditorio-400x225.jpg 400w, https:\/\/wp.ufpel.edu.br\/faem\/files\/2025\/02\/Auditorio-1024x576.jpg 1024w, https:\/\/wp.ufpel.edu.br\/faem\/files\/2025\/02\/Auditorio-768x432.jpg 768w, https:\/\/wp.ufpel.edu.br\/faem\/files\/2025\/02\/Auditorio-1536x864.jpg 1536w, https:\/\/wp.ufpel.edu.br\/faem\/files\/2025\/02\/Auditorio-2048x1152.jpg 2048w\" sizes=\"(max-width: 329px) 100vw, 329px\" \/><\/a><\/p>\n<p>&nbsp;<\/p>\n<p>Recep\u00e7\u00e3o aos participantes no <strong>Dia de Campo Institucional<\/strong><\/p>\n<p>Os respons\u00e1veis pelas esta\u00e7\u00f5es compartilharam resultados de pesquisas e chamaram aten\u00e7\u00e3o para aspectos pr\u00e1ticos que, se implementados, podem incrementar o potencial produtivo<\/p>\n<p><a href=\"https:\/\/wp.ufpel.edu.br\/faem\/files\/2025\/02\/Estacao2-scaled.jpg\"><img class=\"size-medium wp-image-5586 aligncenter\" src=\"https:\/\/wp.ufpel.edu.br\/faem\/files\/2025\/02\/Estacao2-400x225.jpg\" alt=\"\" width=\"400\" height=\"225\" srcset=\"https:\/\/wp.ufpel.edu.br\/faem\/files\/2025\/02\/Estacao2-400x225.jpg 400w, https:\/\/wp.ufpel.edu.br\/faem\/files\/2025\/02\/Estacao2-1024x576.jpg 1024w, https:\/\/wp.ufpel.edu.br\/faem\/files\/2025\/02\/Estacao2-768x432.jpg 768w, https:\/\/wp.ufpel.edu.br\/faem\/files\/2025\/02\/Estacao2-1536x864.jpg 1536w, https:\/\/wp.ufpel.edu.br\/faem\/files\/2025\/02\/Estacao2-2048x1152.jpg 2048w\" sizes=\"(max-width: 400px) 100vw, 400px\" \/><\/a><\/p>\n<p><strong>Esta\u00e7\u00e3o 1:\u00a0<\/strong>Cruzamento de bovinos \u201choland\u00eas x angus\u201d \u2013 Prof. C\u00e1ssio Cassal Brauner<\/p>\n<p><a href=\"https:\/\/wp.ufpel.edu.br\/faem\/files\/2025\/02\/Estacao1-1-scaled.jpg\"><img class=\"size-medium wp-image-5590 aligncenter\" src=\"https:\/\/wp.ufpel.edu.br\/faem\/files\/2025\/02\/Estacao1-1-400x225.jpg\" alt=\"\" width=\"400\" height=\"225\" srcset=\"https:\/\/wp.ufpel.edu.br\/faem\/files\/2025\/02\/Estacao1-1-400x225.jpg 400w, https:\/\/wp.ufpel.edu.br\/faem\/files\/2025\/02\/Estacao1-1-1024x576.jpg 1024w, https:\/\/wp.ufpel.edu.br\/faem\/files\/2025\/02\/Estacao1-1-768x432.jpg 768w, https:\/\/wp.ufpel.edu.br\/faem\/files\/2025\/02\/Estacao1-1-1536x864.jpg 1536w, https:\/\/wp.ufpel.edu.br\/faem\/files\/2025\/02\/Estacao1-1-2048x1152.jpg 2048w\" sizes=\"(max-width: 400px) 100vw, 400px\" \/><\/a><\/p>\n<p><strong>Esta\u00e7\u00e3o 2:\u00a0<\/strong>Doma Racional de equinos \u2013 Eng. Agr. Eduardo Duval<\/p>\n<p><a href=\"https:\/\/wp.ufpel.edu.br\/faem\/files\/2025\/02\/Estacao3-scaled.jpg\"><img class=\"size-medium wp-image-5596 aligncenter\" src=\"https:\/\/wp.ufpel.edu.br\/faem\/files\/2025\/02\/Estacao3-400x225.jpg\" alt=\"\" width=\"400\" height=\"225\" srcset=\"https:\/\/wp.ufpel.edu.br\/faem\/files\/2025\/02\/Estacao3-400x225.jpg 400w, https:\/\/wp.ufpel.edu.br\/faem\/files\/2025\/02\/Estacao3-1024x576.jpg 1024w, https:\/\/wp.ufpel.edu.br\/faem\/files\/2025\/02\/Estacao3-768x432.jpg 768w, https:\/\/wp.ufpel.edu.br\/faem\/files\/2025\/02\/Estacao3-1536x864.jpg 1536w, https:\/\/wp.ufpel.edu.br\/faem\/files\/2025\/02\/Estacao3-2048x1152.jpg 2048w\" sizes=\"(max-width: 400px) 100vw, 400px\" \/><\/a><\/p>\n<p><strong>Esta\u00e7\u00e3o 3:<\/strong> Manejos de culturas de ver\u00e3o \u2013 Prof. Mateus da Silveira Pasa<\/p>\n<p><a href=\"https:\/\/wp.ufpel.edu.br\/faem\/files\/2025\/02\/Estacao-4-scaled.jpg\"><img class=\"size-medium wp-image-5598 aligncenter\" src=\"https:\/\/wp.ufpel.edu.br\/faem\/files\/2025\/02\/Estacao-4-400x225.jpg\" alt=\"\" width=\"400\" height=\"225\" srcset=\"https:\/\/wp.ufpel.edu.br\/faem\/files\/2025\/02\/Estacao-4-400x225.jpg 400w, https:\/\/wp.ufpel.edu.br\/faem\/files\/2025\/02\/Estacao-4-1024x576.jpg 1024w, https:\/\/wp.ufpel.edu.br\/faem\/files\/2025\/02\/Estacao-4-768x432.jpg 768w, https:\/\/wp.ufpel.edu.br\/faem\/files\/2025\/02\/Estacao-4-1536x864.jpg 1536w, https:\/\/wp.ufpel.edu.br\/faem\/files\/2025\/02\/Estacao-4-2048x1152.jpg 2048w\" sizes=\"(max-width: 400px) 100vw, 400px\" \/><\/a><\/p>\n<p><strong>Esta\u00e7\u00e3o 4:<\/strong>\u00a0 Arranjo espacial de plantas para o desenvolvimento de m\u00e1quinas \u2013 Prof. Fabricio Medeiros<\/p>\n<p><a href=\"https:\/\/wp.ufpel.edu.br\/faem\/files\/2025\/02\/Estacao-5-1-scaled.jpg\"><img class=\"size-medium wp-image-5593 aligncenter\" src=\"https:\/\/wp.ufpel.edu.br\/faem\/files\/2025\/02\/Estacao-5-1-400x225.jpg\" alt=\"\" width=\"400\" height=\"225\" srcset=\"https:\/\/wp.ufpel.edu.br\/faem\/files\/2025\/02\/Estacao-5-1-400x225.jpg 400w, https:\/\/wp.ufpel.edu.br\/faem\/files\/2025\/02\/Estacao-5-1-1024x576.jpg 1024w, https:\/\/wp.ufpel.edu.br\/faem\/files\/2025\/02\/Estacao-5-1-768x432.jpg 768w, https:\/\/wp.ufpel.edu.br\/faem\/files\/2025\/02\/Estacao-5-1-1536x864.jpg 1536w, https:\/\/wp.ufpel.edu.br\/faem\/files\/2025\/02\/Estacao-5-1-2048x1152.jpg 2048w\" sizes=\"(max-width: 400px) 100vw, 400px\" \/><\/a><\/p>\n<p><strong>Esta\u00e7\u00e3o 5:<\/strong> Manejos de sistemas em terras baixas no controle de arroz daninho \u2013 Prof. Edinalvo Camargo<\/p>\n<p><a href=\"https:\/\/wp.ufpel.edu.br\/faem\/files\/2025\/02\/Estacao-6-scaled.jpg\"><img class=\"size-medium wp-image-5587 aligncenter\" src=\"https:\/\/wp.ufpel.edu.br\/faem\/files\/2025\/02\/Estacao-6-400x225.jpg\" alt=\"\" width=\"400\" height=\"225\" srcset=\"https:\/\/wp.ufpel.edu.br\/faem\/files\/2025\/02\/Estacao-6-400x225.jpg 400w, https:\/\/wp.ufpel.edu.br\/faem\/files\/2025\/02\/Estacao-6-1024x576.jpg 1024w, https:\/\/wp.ufpel.edu.br\/faem\/files\/2025\/02\/Estacao-6-768x432.jpg 768w, https:\/\/wp.ufpel.edu.br\/faem\/files\/2025\/02\/Estacao-6-1536x864.jpg 1536w, https:\/\/wp.ufpel.edu.br\/faem\/files\/2025\/02\/Estacao-6-2048x1152.jpg 2048w\" sizes=\"(max-width: 400px) 100vw, 400px\" \/><\/a><\/p>\n<p><strong>Esta\u00e7\u00e3o 6:<\/strong> Manejo do solo e impacto na fertilidade de terras baixas \u2013 Profs. Filipe Selau e Rogerio de Sousa<\/p>\n<p><a href=\"https:\/\/wp.ufpel.edu.br\/faem\/files\/2025\/02\/Estacao-7-scaled.jpg\"><img class=\"size-medium wp-image-5589 aligncenter\" src=\"https:\/\/wp.ufpel.edu.br\/faem\/files\/2025\/02\/Estacao-7-400x225.jpg\" alt=\"\" width=\"400\" height=\"225\" srcset=\"https:\/\/wp.ufpel.edu.br\/faem\/files\/2025\/02\/Estacao-7-400x225.jpg 400w, https:\/\/wp.ufpel.edu.br\/faem\/files\/2025\/02\/Estacao-7-1024x576.jpg 1024w, https:\/\/wp.ufpel.edu.br\/faem\/files\/2025\/02\/Estacao-7-768x432.jpg 768w, https:\/\/wp.ufpel.edu.br\/faem\/files\/2025\/02\/Estacao-7-1536x864.jpg 1536w, https:\/\/wp.ufpel.edu.br\/faem\/files\/2025\/02\/Estacao-7-2048x1152.jpg 2048w\" sizes=\"(max-width: 400px) 100vw, 400px\" \/><\/a><strong>Esta\u00e7\u00e3o 7:<\/strong>\u00a0Rizipsicultura \u2013 Prof. Dirceu Agostinetto e TAE Charles Nunes Froes<\/p>\n<p>No final do\u00a0<em>tour<\/em> t\u00e9cnico os participantes aproveitaram para fazer\u00a0<em>network<\/em> entre si e com professores, t\u00e9cnicos e produtores, al\u00e9m de saborearem um delicioso lanche.<\/p>\n","protected":false},"excerpt":{"rendered":"<p>Cerca de 250 pessoas participaram do Dia de Campo Institucional da FAEM, evento que se caracteriza como uma importante atividade de extens\u00e3o de nossa Faculdade. Os participantes foram recepcionados no Audit\u00f3rio da FAEM, com discursos da Reitora Ursula Rosa da Silva, Diretor da FAEM Dirceu Agostinetto e Coordenador do Evento Filipe Selau Carlos. &nbsp; Recep\u00e7\u00e3o [&hellip;]<\/p>\n","protected":false},"author":235,"featured_media":0,"comment_status":"closed","ping_status":"closed","sticky":false,"template":"","format":"standard","meta":{"_jetpack_memberships_contains_paid_content":false,"footnotes":""},"categories":[18],"tags":[],"class_list":["post-5577","post","type-post","status-publish","format-standard","hentry","category-sem-categoria"],"jetpack_featured_media_url":"","jetpack_sharing_enabled":true,"_links":{"self":[{"href":"https:\/\/wp.ufpel.edu.br\/faem\/wp-json\/wp\/v2\/posts\/5577","targetHints":{"allow":["GET"]}}],"collection":[{"href":"https:\/\/wp.ufpel.edu.br\/faem\/wp-json\/wp\/v2\/posts"}],"about":[{"href":"https:\/\/wp.ufpel.edu.br\/faem\/wp-json\/wp\/v2\/types\/post"}],"author":[{"embeddable":true,"href":"https:\/\/wp.ufpel.edu.br\/faem\/wp-json\/wp\/v2\/users\/235"}],"replies":[{"embeddable":true,"href":"https:\/\/wp.ufpel.edu.br\/faem\/wp-json\/wp\/v2\/comments?post=5577"}],"version-history":[{"count":5,"href":"https:\/\/wp.ufpel.edu.br\/faem\/wp-json\/wp\/v2\/posts\/5577\/revisions"}],"predecessor-version":[{"id":5599,"href":"https:\/\/wp.ufpel.edu.br\/faem\/wp-json\/wp\/v2\/posts\/5577\/revisions\/5599"}],"wp:attachment":[{"href":"https:\/\/wp.ufpel.edu.br\/faem\/wp-json\/wp\/v2\/media?parent=5577"}],"wp:term":[{"taxonomy":"category","embeddable":true,"href":"https:\/\/wp.ufpel.edu.br\/faem\/wp-json\/wp\/v2\/categories?post=5577"},{"taxonomy":"post_tag","embeddable":true,"href":"https:\/\/wp.ufpel.edu.br\/faem\/wp-json\/wp\/v2\/tags?post=5577"}],"curies":[{"name":"wp","href":"https:\/\/api.w.org\/{rel}","templated":true}]}}