{"id":5412,"date":"2024-08-15T09:24:57","date_gmt":"2024-08-15T12:24:57","guid":{"rendered":"https:\/\/wp.ufpel.edu.br\/faem\/?p=5412"},"modified":"2024-08-15T09:27:03","modified_gmt":"2024-08-15T12:27:03","slug":"programa-evoluidade-identidade-trabalho-e-aposentadoria","status":"publish","type":"post","link":"https:\/\/wp.ufpel.edu.br\/faem\/2024\/08\/15\/programa-evoluidade-identidade-trabalho-e-aposentadoria\/","title":{"rendered":"Programa evoluidade: Identidade, trabalho e aposentadoria"},"content":{"rendered":"<p>A <span id=\"nomesite\">Pr\u00f3-Reitoria de Gest\u00e3o de Pessoas \u2013 PROGEP est\u00e1 com inscri\u00e7oes abertas para o <\/span><strong>Programa evoluidade: Identidade, trabalho e aposentadoria.<\/strong><\/p>\n<p><img class=\"size-medium wp-image-5411 alignleft\" src=\"https:\/\/wp.ufpel.edu.br\/faem\/files\/2024\/08\/Aposentadoria-400x400.jpeg\" alt=\"\" width=\"400\" height=\"400\" srcset=\"https:\/\/wp.ufpel.edu.br\/faem\/files\/2024\/08\/Aposentadoria-400x400.jpeg 400w, https:\/\/wp.ufpel.edu.br\/faem\/files\/2024\/08\/Aposentadoria-1024x1024.jpeg 1024w, https:\/\/wp.ufpel.edu.br\/faem\/files\/2024\/08\/Aposentadoria-200x200.jpeg 200w, https:\/\/wp.ufpel.edu.br\/faem\/files\/2024\/08\/Aposentadoria-768x768.jpeg 768w, https:\/\/wp.ufpel.edu.br\/faem\/files\/2024\/08\/Aposentadoria.jpeg 1200w\" sizes=\"(max-width: 400px) 100vw, 400px\" \/>No evento ser\u00e3o abordados os seguinte temas:<\/p>\n<p>Trabalho: sentidos e significados<\/p>\n<p>Aposentadoria: sentidos e significados<\/p>\n<p>Impacto da produtividade na vida funcional e pessoal<\/p>\n<p>Inatividade e lugar social<\/p>\n<p>Envelhecimento: representa\u00e7\u00f5es sociais<\/p>\n<p>Autoimagem ocupacional<\/p>\n<p>Papel Profissional<\/p>\n<p>Identidade<\/p>\n<p>&nbsp;<\/p>\n<p>O p\u00fablico alvo s\u00e3o Servidores(as) docentes, TAE\u2019s e trabalhadores(as) terceirizados(as) ativos(as) da UFPel*. Para se inscrever e obter maiores informa\u00e7\u00f5es <a href=\"https:\/\/wp.ufpel.edu.br\/progep\/programa-de-educacao-para-a-aposentadoria-evoluidade-dosas-servidoresas-da-ufpel-2024\/\"><strong>CLIQUE AQUI<\/strong><\/a><\/p>\n<p>&nbsp;<\/p>\n","protected":false},"excerpt":{"rendered":"<p>A Pr\u00f3-Reitoria de Gest\u00e3o de Pessoas \u2013 PROGEP est\u00e1 com inscri\u00e7oes abertas para o Programa evoluidade: Identidade, trabalho e aposentadoria. No evento ser\u00e3o abordados os seguinte temas: Trabalho: sentidos e significados Aposentadoria: sentidos e significados Impacto da produtividade na vida funcional e pessoal Inatividade e lugar social Envelhecimento: representa\u00e7\u00f5es sociais Autoimagem ocupacional Papel Profissional Identidade [&hellip;]<\/p>\n","protected":false},"author":235,"featured_media":0,"comment_status":"closed","ping_status":"closed","sticky":false,"template":"","format":"standard","meta":{"_jetpack_memberships_contains_paid_content":false,"footnotes":""},"categories":[18],"tags":[],"class_list":["post-5412","post","type-post","status-publish","format-standard","hentry","category-sem-categoria"],"jetpack_featured_media_url":"","jetpack_sharing_enabled":true,"_links":{"self":[{"href":"https:\/\/wp.ufpel.edu.br\/faem\/wp-json\/wp\/v2\/posts\/5412","targetHints":{"allow":["GET"]}}],"collection":[{"href":"https:\/\/wp.ufpel.edu.br\/faem\/wp-json\/wp\/v2\/posts"}],"about":[{"href":"https:\/\/wp.ufpel.edu.br\/faem\/wp-json\/wp\/v2\/types\/post"}],"author":[{"embeddable":true,"href":"https:\/\/wp.ufpel.edu.br\/faem\/wp-json\/wp\/v2\/users\/235"}],"replies":[{"embeddable":true,"href":"https:\/\/wp.ufpel.edu.br\/faem\/wp-json\/wp\/v2\/comments?post=5412"}],"version-history":[{"count":4,"href":"https:\/\/wp.ufpel.edu.br\/faem\/wp-json\/wp\/v2\/posts\/5412\/revisions"}],"predecessor-version":[{"id":5417,"href":"https:\/\/wp.ufpel.edu.br\/faem\/wp-json\/wp\/v2\/posts\/5412\/revisions\/5417"}],"wp:attachment":[{"href":"https:\/\/wp.ufpel.edu.br\/faem\/wp-json\/wp\/v2\/media?parent=5412"}],"wp:term":[{"taxonomy":"category","embeddable":true,"href":"https:\/\/wp.ufpel.edu.br\/faem\/wp-json\/wp\/v2\/categories?post=5412"},{"taxonomy":"post_tag","embeddable":true,"href":"https:\/\/wp.ufpel.edu.br\/faem\/wp-json\/wp\/v2\/tags?post=5412"}],"curies":[{"name":"wp","href":"https:\/\/api.w.org\/{rel}","templated":true}]}}