{"id":5212,"date":"2024-03-08T07:51:46","date_gmt":"2024-03-08T10:51:46","guid":{"rendered":"https:\/\/wp.ufpel.edu.br\/faem\/?p=5212"},"modified":"2024-03-08T07:53:32","modified_gmt":"2024-03-08T10:53:32","slug":"dia-internacional-da-mulher","status":"publish","type":"post","link":"https:\/\/wp.ufpel.edu.br\/faem\/2024\/03\/08\/dia-internacional-da-mulher\/","title":{"rendered":"Dia Internacional da Mulher"},"content":{"rendered":"<p>Neste 8 de mar\u00e7o, <strong>Dia Internacional da Mulher<\/strong>, queremos deixar o nosso reconhecimento a todas as mulheres, em especial as mulheres que fazem ou fizeram parte da FAEM como docentes, servidoras t\u00e9cnicas administrativas ou alunas, por contribu\u00edrem pelo crescimento de nossa Faculdade, por serem mulheres fortes, guerreiras, empreendedoras, e que enobrecem a nossa unidade. Vale lembrar que foi aqui na FAEM onde se formou a primeira mulher Engenheira Agr\u00f4noma no Brasil, em 1915, a paranaense Maria Eul\u00e1lia da Costa. Manifestamos o nosso respeito e admira\u00e7\u00e3o.<\/p>\n<p style=\"text-align: center;\"><a href=\"https:\/\/wp.ufpel.edu.br\/faem\/files\/2024\/03\/Captura-de-Tela-2024-03-08-a\u0300s-07.52.46.png\"><img class=\"alignnone size-medium wp-image-5215\" src=\"https:\/\/wp.ufpel.edu.br\/faem\/files\/2024\/03\/Captura-de-Tela-2024-03-08-a\u0300s-07.52.46-400x400.png\" alt=\"\" width=\"400\" height=\"400\" srcset=\"https:\/\/wp.ufpel.edu.br\/faem\/files\/2024\/03\/Captura-de-Tela-2024-03-08-a\u0300s-07.52.46-400x400.png 400w, https:\/\/wp.ufpel.edu.br\/faem\/files\/2024\/03\/Captura-de-Tela-2024-03-08-a\u0300s-07.52.46-200x200.png 200w, https:\/\/wp.ufpel.edu.br\/faem\/files\/2024\/03\/Captura-de-Tela-2024-03-08-a\u0300s-07.52.46.png 720w\" sizes=\"(max-width: 400px) 100vw, 400px\" \/><\/a><\/p>\n","protected":false},"excerpt":{"rendered":"<p>Neste 8 de mar\u00e7o, Dia Internacional da Mulher, queremos deixar o nosso reconhecimento a todas as mulheres, em especial as mulheres que fazem ou fizeram parte da FAEM como docentes, servidoras t\u00e9cnicas administrativas ou alunas, por contribu\u00edrem pelo crescimento de nossa Faculdade, por serem mulheres fortes, guerreiras, empreendedoras, e que enobrecem a nossa unidade. Vale [&hellip;]<\/p>\n","protected":false},"author":235,"featured_media":0,"comment_status":"closed","ping_status":"closed","sticky":false,"template":"","format":"standard","meta":{"_jetpack_memberships_contains_paid_content":false,"footnotes":""},"categories":[18],"tags":[],"class_list":["post-5212","post","type-post","status-publish","format-standard","hentry","category-sem-categoria"],"jetpack_featured_media_url":"","jetpack_sharing_enabled":true,"_links":{"self":[{"href":"https:\/\/wp.ufpel.edu.br\/faem\/wp-json\/wp\/v2\/posts\/5212","targetHints":{"allow":["GET"]}}],"collection":[{"href":"https:\/\/wp.ufpel.edu.br\/faem\/wp-json\/wp\/v2\/posts"}],"about":[{"href":"https:\/\/wp.ufpel.edu.br\/faem\/wp-json\/wp\/v2\/types\/post"}],"author":[{"embeddable":true,"href":"https:\/\/wp.ufpel.edu.br\/faem\/wp-json\/wp\/v2\/users\/235"}],"replies":[{"embeddable":true,"href":"https:\/\/wp.ufpel.edu.br\/faem\/wp-json\/wp\/v2\/comments?post=5212"}],"version-history":[{"count":2,"href":"https:\/\/wp.ufpel.edu.br\/faem\/wp-json\/wp\/v2\/posts\/5212\/revisions"}],"predecessor-version":[{"id":5216,"href":"https:\/\/wp.ufpel.edu.br\/faem\/wp-json\/wp\/v2\/posts\/5212\/revisions\/5216"}],"wp:attachment":[{"href":"https:\/\/wp.ufpel.edu.br\/faem\/wp-json\/wp\/v2\/media?parent=5212"}],"wp:term":[{"taxonomy":"category","embeddable":true,"href":"https:\/\/wp.ufpel.edu.br\/faem\/wp-json\/wp\/v2\/categories?post=5212"},{"taxonomy":"post_tag","embeddable":true,"href":"https:\/\/wp.ufpel.edu.br\/faem\/wp-json\/wp\/v2\/tags?post=5212"}],"curies":[{"name":"wp","href":"https:\/\/api.w.org\/{rel}","templated":true}]}}