{"id":5126,"date":"2024-02-14T14:17:10","date_gmt":"2024-02-14T17:17:10","guid":{"rendered":"https:\/\/wp.ufpel.edu.br\/faem\/?p=5126"},"modified":"2024-02-14T14:17:40","modified_gmt":"2024-02-14T17:17:40","slug":"vem-ai-a-maior-abertura-de-colheita-das-americas","status":"publish","type":"post","link":"https:\/\/wp.ufpel.edu.br\/faem\/2024\/02\/14\/vem-ai-a-maior-abertura-de-colheita-das-americas\/","title":{"rendered":"Vem a\u00ed a maior Abertura de Colheita das Am\u00e9ricas"},"content":{"rendered":"<p>Nos dias\u00a0<strong>21, 22 e 23 de fevereiro de 2024<\/strong>\u00a0a Esta\u00e7\u00e3o Terras Baixas da Embrapa Clima Temperado de Cap\u00e3o do Le\u00e3o\/RS, sediar\u00e1 a\u00a0<strong>34\u00aa Abertura Oficial da Colheita do Arroz e Gr\u00e3os em Terras Baixas<\/strong>. Essa edi\u00e7\u00e3o dar\u00e1 prosseguimento aos debates sobre aprimoramento da administra\u00e7\u00e3o das propriedades rurais. O tema para o evento ser\u00e1 \u201c<strong><em>Gest\u00e3o Potencializando Safras\u201d,<\/em><\/strong>\u00a0que prop\u00f5e a necessidade de o produtor fazer sua gest\u00e3o cada vez mais qualificada para potencializar e aumentar as safras al\u00e9m de mostrar como fundamental a gest\u00e3o do processo produtivo.<\/p>\n<p>&nbsp;<\/p>\n<p>Para maiores informa\u00e7\u00f5es <strong>CLIQUE AQUI<\/strong><\/p>\n<p>&nbsp;<\/p>\n<p><a href=\"https:\/\/wp.ufpel.edu.br\/faem\/files\/2024\/02\/WhatsApp-Image-2024-02-13-at-17.22.51.jpeg\"><img class=\"alignnone size-medium wp-image-5117\" src=\"https:\/\/wp.ufpel.edu.br\/faem\/files\/2024\/02\/WhatsApp-Image-2024-02-13-at-17.22.51-320x400.jpeg\" alt=\"\" width=\"320\" height=\"400\" srcset=\"https:\/\/wp.ufpel.edu.br\/faem\/files\/2024\/02\/WhatsApp-Image-2024-02-13-at-17.22.51-320x400.jpeg 320w, https:\/\/wp.ufpel.edu.br\/faem\/files\/2024\/02\/WhatsApp-Image-2024-02-13-at-17.22.51.jpeg 639w\" sizes=\"(max-width: 320px) 100vw, 320px\" \/><\/a> <a href=\"https:\/\/wp.ufpel.edu.br\/faem\/files\/2024\/02\/WhatsApp-Image-2024-02-13-at-17.22.52.jpeg\"><img class=\"alignnone size-medium wp-image-5116\" src=\"https:\/\/wp.ufpel.edu.br\/faem\/files\/2024\/02\/WhatsApp-Image-2024-02-13-at-17.22.52-320x400.jpeg\" alt=\"\" width=\"320\" height=\"400\" srcset=\"https:\/\/wp.ufpel.edu.br\/faem\/files\/2024\/02\/WhatsApp-Image-2024-02-13-at-17.22.52-320x400.jpeg 320w, https:\/\/wp.ufpel.edu.br\/faem\/files\/2024\/02\/WhatsApp-Image-2024-02-13-at-17.22.52.jpeg 639w\" sizes=\"(max-width: 320px) 100vw, 320px\" \/><\/a><a href=\"https:\/\/wp.ufpel.edu.br\/faem\/files\/2024\/02\/WhatsApp-Image-2024-02-14-at-13.58.01-1.jpeg\"><img class=\"alignnone size-medium wp-image-5124\" src=\"https:\/\/wp.ufpel.edu.br\/faem\/files\/2024\/02\/WhatsApp-Image-2024-02-14-at-13.58.01-1-320x400.jpeg\" alt=\"\" width=\"320\" height=\"400\" srcset=\"https:\/\/wp.ufpel.edu.br\/faem\/files\/2024\/02\/WhatsApp-Image-2024-02-14-at-13.58.01-1-320x400.jpeg 320w, https:\/\/wp.ufpel.edu.br\/faem\/files\/2024\/02\/WhatsApp-Image-2024-02-14-at-13.58.01-1-819x1024.jpeg 819w, https:\/\/wp.ufpel.edu.br\/faem\/files\/2024\/02\/WhatsApp-Image-2024-02-14-at-13.58.01-1-768x960.jpeg 768w, https:\/\/wp.ufpel.edu.br\/faem\/files\/2024\/02\/WhatsApp-Image-2024-02-14-at-13.58.01-1.jpeg 1024w\" sizes=\"(max-width: 320px) 100vw, 320px\" \/><\/a>\u00a0<a href=\"https:\/\/wp.ufpel.edu.br\/faem\/files\/2024\/02\/WhatsApp-Image-2024-02-13-at-17.22.48.jpeg\"><img class=\"alignnone size-medium wp-image-5123\" src=\"https:\/\/wp.ufpel.edu.br\/faem\/files\/2024\/02\/WhatsApp-Image-2024-02-13-at-17.22.48-320x400.jpeg\" alt=\"\" width=\"320\" height=\"400\" srcset=\"https:\/\/wp.ufpel.edu.br\/faem\/files\/2024\/02\/WhatsApp-Image-2024-02-13-at-17.22.48-320x400.jpeg 320w, https:\/\/wp.ufpel.edu.br\/faem\/files\/2024\/02\/WhatsApp-Image-2024-02-13-at-17.22.48-819x1024.jpeg 819w, https:\/\/wp.ufpel.edu.br\/faem\/files\/2024\/02\/WhatsApp-Image-2024-02-13-at-17.22.48-768x960.jpeg 768w, https:\/\/wp.ufpel.edu.br\/faem\/files\/2024\/02\/WhatsApp-Image-2024-02-13-at-17.22.48.jpeg 1080w\" sizes=\"(max-width: 320px) 100vw, 320px\" \/><\/a><img class=\"alignnone size-medium wp-image-5125\" src=\"https:\/\/wp.ufpel.edu.br\/faem\/files\/2024\/02\/WhatsApp-Image-2024-02-14-at-13.58.01-320x400.jpeg\" alt=\"\" width=\"320\" height=\"400\" srcset=\"https:\/\/wp.ufpel.edu.br\/faem\/files\/2024\/02\/WhatsApp-Image-2024-02-14-at-13.58.01-320x400.jpeg 320w, https:\/\/wp.ufpel.edu.br\/faem\/files\/2024\/02\/WhatsApp-Image-2024-02-14-at-13.58.01-819x1024.jpeg 819w, https:\/\/wp.ufpel.edu.br\/faem\/files\/2024\/02\/WhatsApp-Image-2024-02-14-at-13.58.01-768x960.jpeg 768w, https:\/\/wp.ufpel.edu.br\/faem\/files\/2024\/02\/WhatsApp-Image-2024-02-14-at-13.58.01.jpeg 1024w\" sizes=\"(max-width: 320px) 100vw, 320px\" \/> <a href=\"https:\/\/wp.ufpel.edu.br\/faem\/files\/2024\/02\/WhatsApp-Image-2024-02-13-at-17.22.49.jpeg\"><img class=\"alignnone size-medium wp-image-5122\" src=\"https:\/\/wp.ufpel.edu.br\/faem\/files\/2024\/02\/WhatsApp-Image-2024-02-13-at-17.22.49-320x400.jpeg\" alt=\"\" width=\"320\" height=\"400\" srcset=\"https:\/\/wp.ufpel.edu.br\/faem\/files\/2024\/02\/WhatsApp-Image-2024-02-13-at-17.22.49-320x400.jpeg 320w, https:\/\/wp.ufpel.edu.br\/faem\/files\/2024\/02\/WhatsApp-Image-2024-02-13-at-17.22.49-819x1024.jpeg 819w, https:\/\/wp.ufpel.edu.br\/faem\/files\/2024\/02\/WhatsApp-Image-2024-02-13-at-17.22.49-768x960.jpeg 768w, https:\/\/wp.ufpel.edu.br\/faem\/files\/2024\/02\/WhatsApp-Image-2024-02-13-at-17.22.49.jpeg 1080w\" sizes=\"(max-width: 320px) 100vw, 320px\" \/><\/a> <a href=\"https:\/\/wp.ufpel.edu.br\/faem\/files\/2024\/02\/WhatsApp-Image-2024-02-13-at-17.22.49-1.jpeg\"><img class=\"alignnone size-medium wp-image-5121\" src=\"https:\/\/wp.ufpel.edu.br\/faem\/files\/2024\/02\/WhatsApp-Image-2024-02-13-at-17.22.49-1-320x400.jpeg\" alt=\"\" width=\"320\" height=\"400\" srcset=\"https:\/\/wp.ufpel.edu.br\/faem\/files\/2024\/02\/WhatsApp-Image-2024-02-13-at-17.22.49-1-320x400.jpeg 320w, https:\/\/wp.ufpel.edu.br\/faem\/files\/2024\/02\/WhatsApp-Image-2024-02-13-at-17.22.49-1-819x1024.jpeg 819w, https:\/\/wp.ufpel.edu.br\/faem\/files\/2024\/02\/WhatsApp-Image-2024-02-13-at-17.22.49-1-768x960.jpeg 768w, https:\/\/wp.ufpel.edu.br\/faem\/files\/2024\/02\/WhatsApp-Image-2024-02-13-at-17.22.49-1.jpeg 1080w\" sizes=\"(max-width: 320px) 100vw, 320px\" \/><\/a> <a href=\"https:\/\/wp.ufpel.edu.br\/faem\/files\/2024\/02\/WhatsApp-Image-2024-02-13-at-17.22.49-2.jpeg\"><img class=\"alignnone size-medium wp-image-5120\" src=\"https:\/\/wp.ufpel.edu.br\/faem\/files\/2024\/02\/WhatsApp-Image-2024-02-13-at-17.22.49-2-320x400.jpeg\" alt=\"\" width=\"320\" height=\"400\" srcset=\"https:\/\/wp.ufpel.edu.br\/faem\/files\/2024\/02\/WhatsApp-Image-2024-02-13-at-17.22.49-2-320x400.jpeg 320w, https:\/\/wp.ufpel.edu.br\/faem\/files\/2024\/02\/WhatsApp-Image-2024-02-13-at-17.22.49-2-819x1024.jpeg 819w, https:\/\/wp.ufpel.edu.br\/faem\/files\/2024\/02\/WhatsApp-Image-2024-02-13-at-17.22.49-2-768x960.jpeg 768w, https:\/\/wp.ufpel.edu.br\/faem\/files\/2024\/02\/WhatsApp-Image-2024-02-13-at-17.22.49-2.jpeg 1080w\" sizes=\"(max-width: 320px) 100vw, 320px\" \/><\/a> <a href=\"https:\/\/wp.ufpel.edu.br\/faem\/files\/2024\/02\/WhatsApp-Image-2024-02-13-at-17.22.50.jpeg\"><img class=\"alignnone size-medium wp-image-5119\" src=\"https:\/\/wp.ufpel.edu.br\/faem\/files\/2024\/02\/WhatsApp-Image-2024-02-13-at-17.22.50-320x400.jpeg\" alt=\"\" width=\"320\" height=\"400\" srcset=\"https:\/\/wp.ufpel.edu.br\/faem\/files\/2024\/02\/WhatsApp-Image-2024-02-13-at-17.22.50-320x400.jpeg 320w, https:\/\/wp.ufpel.edu.br\/faem\/files\/2024\/02\/WhatsApp-Image-2024-02-13-at-17.22.50-819x1024.jpeg 819w, https:\/\/wp.ufpel.edu.br\/faem\/files\/2024\/02\/WhatsApp-Image-2024-02-13-at-17.22.50-768x960.jpeg 768w, https:\/\/wp.ufpel.edu.br\/faem\/files\/2024\/02\/WhatsApp-Image-2024-02-13-at-17.22.50.jpeg 1080w\" sizes=\"(max-width: 320px) 100vw, 320px\" \/><\/a>\u00a0 \u00a0 \u00a0 \u00a0 \u00a0 <img class=\"alignnone size-medium wp-image-5118\" src=\"https:\/\/wp.ufpel.edu.br\/faem\/files\/2024\/02\/WhatsApp-Image-2024-02-13-at-17.22.50-1-320x400.jpeg\" alt=\"\" width=\"320\" height=\"400\" srcset=\"https:\/\/wp.ufpel.edu.br\/faem\/files\/2024\/02\/WhatsApp-Image-2024-02-13-at-17.22.50-1-320x400.jpeg 320w, https:\/\/wp.ufpel.edu.br\/faem\/files\/2024\/02\/WhatsApp-Image-2024-02-13-at-17.22.50-1-819x1024.jpeg 819w, https:\/\/wp.ufpel.edu.br\/faem\/files\/2024\/02\/WhatsApp-Image-2024-02-13-at-17.22.50-1-768x960.jpeg 768w, https:\/\/wp.ufpel.edu.br\/faem\/files\/2024\/02\/WhatsApp-Image-2024-02-13-at-17.22.50-1.jpeg 1080w\" sizes=\"(max-width: 320px) 100vw, 320px\" \/><\/p>\n","protected":false},"excerpt":{"rendered":"<p>Nos dias\u00a021, 22 e 23 de fevereiro de 2024\u00a0a Esta\u00e7\u00e3o Terras Baixas da Embrapa Clima Temperado de Cap\u00e3o do Le\u00e3o\/RS, sediar\u00e1 a\u00a034\u00aa Abertura Oficial da Colheita do Arroz e Gr\u00e3os em Terras Baixas. Essa edi\u00e7\u00e3o dar\u00e1 prosseguimento aos debates sobre aprimoramento da administra\u00e7\u00e3o das propriedades rurais. O tema para o evento ser\u00e1 \u201cGest\u00e3o Potencializando Safras\u201d,\u00a0que [&hellip;]<\/p>\n","protected":false},"author":235,"featured_media":0,"comment_status":"closed","ping_status":"closed","sticky":false,"template":"","format":"standard","meta":{"_jetpack_memberships_contains_paid_content":false,"footnotes":""},"categories":[18],"tags":[],"class_list":["post-5126","post","type-post","status-publish","format-standard","hentry","category-sem-categoria"],"jetpack_featured_media_url":"","jetpack_sharing_enabled":true,"_links":{"self":[{"href":"https:\/\/wp.ufpel.edu.br\/faem\/wp-json\/wp\/v2\/posts\/5126","targetHints":{"allow":["GET"]}}],"collection":[{"href":"https:\/\/wp.ufpel.edu.br\/faem\/wp-json\/wp\/v2\/posts"}],"about":[{"href":"https:\/\/wp.ufpel.edu.br\/faem\/wp-json\/wp\/v2\/types\/post"}],"author":[{"embeddable":true,"href":"https:\/\/wp.ufpel.edu.br\/faem\/wp-json\/wp\/v2\/users\/235"}],"replies":[{"embeddable":true,"href":"https:\/\/wp.ufpel.edu.br\/faem\/wp-json\/wp\/v2\/comments?post=5126"}],"version-history":[{"count":2,"href":"https:\/\/wp.ufpel.edu.br\/faem\/wp-json\/wp\/v2\/posts\/5126\/revisions"}],"predecessor-version":[{"id":5129,"href":"https:\/\/wp.ufpel.edu.br\/faem\/wp-json\/wp\/v2\/posts\/5126\/revisions\/5129"}],"wp:attachment":[{"href":"https:\/\/wp.ufpel.edu.br\/faem\/wp-json\/wp\/v2\/media?parent=5126"}],"wp:term":[{"taxonomy":"category","embeddable":true,"href":"https:\/\/wp.ufpel.edu.br\/faem\/wp-json\/wp\/v2\/categories?post=5126"},{"taxonomy":"post_tag","embeddable":true,"href":"https:\/\/wp.ufpel.edu.br\/faem\/wp-json\/wp\/v2\/tags?post=5126"}],"curies":[{"name":"wp","href":"https:\/\/api.w.org\/{rel}","templated":true}]}}