{"id":5037,"date":"2023-11-27T22:57:54","date_gmt":"2023-11-28T01:57:54","guid":{"rendered":"https:\/\/wp.ufpel.edu.br\/faem\/?p=5037"},"modified":"2023-11-27T22:57:54","modified_gmt":"2023-11-28T01:57:54","slug":"ingressos-para-almoco-comemorativo-dos-140-anos-da-faem","status":"publish","type":"post","link":"https:\/\/wp.ufpel.edu.br\/faem\/2023\/11\/27\/ingressos-para-almoco-comemorativo-dos-140-anos-da-faem\/","title":{"rendered":"Ingressos para almo\u00e7o comemorativo dos 140 Anos da FAEM"},"content":{"rendered":"<p><a href=\"https:\/\/wp.ufpel.edu.br\/faem\/files\/2023\/11\/WhatsApp-Image-2023-11-24-at-09.17.06.jpeg\"><img class=\"size-medium wp-image-5036 alignleft\" src=\"https:\/\/wp.ufpel.edu.br\/faem\/files\/2023\/11\/WhatsApp-Image-2023-11-24-at-09.17.06-284x400.jpeg\" alt=\"\" width=\"284\" height=\"400\" srcset=\"https:\/\/wp.ufpel.edu.br\/faem\/files\/2023\/11\/WhatsApp-Image-2023-11-24-at-09.17.06-284x400.jpeg 284w, https:\/\/wp.ufpel.edu.br\/faem\/files\/2023\/11\/WhatsApp-Image-2023-11-24-at-09.17.06.jpeg 728w\" sizes=\"(max-width: 284px) 100vw, 284px\" \/><\/a>A Dire\u00e7\u00e3o da Faculdade de Agronomia Eliseu Maciel FAEM\/UFPEL, juntamente com o <strong>GT\u00a0<span class=\"il\">FAEM<\/span>\u00a0140 Anos<\/strong> tem a honra de convid\u00e1-lo(a) para prestigiar a Solenidade dos 140 anos da Faculdade de Agronomia Eliseu Maciel, a ser realizado dia 08 de dezembro de 2023, \u00e0s 10h30min no Sal\u00e3o Nobre da <span class=\"il\">FAEM<\/span>, localizado no Campus do Cap\u00e3o do Le\u00e3o\/RS.<\/p>\n<p>Ap\u00f3s a solenidade ser\u00e1 realizada Confraterniza\u00e7\u00e3o no CTG \u201cOs Carreteiros\u201d, do Campus do Cap\u00e3o do Le\u00e3o. Ingressos para o almo\u00e7o poder\u00e3o ser adquiridos na dire\u00e7\u00e3o da\u00a0<span class=\"il\">FAEM<\/span>\u00a0ou com os membros dos GT\u00a0<span class=\"il\">FAEM<\/span> 140 anos (Profas. <strong>Katiuscia Fonseca dos Santos Strassburger &#8211; katiuscia.fs@gmail.com\u00a0\u00a0<\/strong> e <strong>Jaqueline Machado de Oliveira &#8211; jaqpmachado@gmail.com<\/strong>\u00a0e TAE <strong>Mariane Rosenthal &#8211; rosenthal.mariane@hotmail.com)<\/strong>, at\u00e9 o dia 04\/12.<\/p>\n","protected":false},"excerpt":{"rendered":"<p>A Dire\u00e7\u00e3o da Faculdade de Agronomia Eliseu Maciel FAEM\/UFPEL, juntamente com o GT\u00a0FAEM\u00a0140 Anos tem a honra de convid\u00e1-lo(a) para prestigiar a Solenidade dos 140 anos da Faculdade de Agronomia Eliseu Maciel, a ser realizado dia 08 de dezembro de 2023, \u00e0s 10h30min no Sal\u00e3o Nobre da FAEM, localizado no Campus do Cap\u00e3o do Le\u00e3o\/RS. [&hellip;]<\/p>\n","protected":false},"author":235,"featured_media":0,"comment_status":"closed","ping_status":"closed","sticky":false,"template":"","format":"standard","meta":{"_jetpack_memberships_contains_paid_content":false,"footnotes":""},"categories":[18],"tags":[],"class_list":["post-5037","post","type-post","status-publish","format-standard","hentry","category-sem-categoria"],"jetpack_featured_media_url":"","jetpack_sharing_enabled":true,"_links":{"self":[{"href":"https:\/\/wp.ufpel.edu.br\/faem\/wp-json\/wp\/v2\/posts\/5037","targetHints":{"allow":["GET"]}}],"collection":[{"href":"https:\/\/wp.ufpel.edu.br\/faem\/wp-json\/wp\/v2\/posts"}],"about":[{"href":"https:\/\/wp.ufpel.edu.br\/faem\/wp-json\/wp\/v2\/types\/post"}],"author":[{"embeddable":true,"href":"https:\/\/wp.ufpel.edu.br\/faem\/wp-json\/wp\/v2\/users\/235"}],"replies":[{"embeddable":true,"href":"https:\/\/wp.ufpel.edu.br\/faem\/wp-json\/wp\/v2\/comments?post=5037"}],"version-history":[{"count":1,"href":"https:\/\/wp.ufpel.edu.br\/faem\/wp-json\/wp\/v2\/posts\/5037\/revisions"}],"predecessor-version":[{"id":5039,"href":"https:\/\/wp.ufpel.edu.br\/faem\/wp-json\/wp\/v2\/posts\/5037\/revisions\/5039"}],"wp:attachment":[{"href":"https:\/\/wp.ufpel.edu.br\/faem\/wp-json\/wp\/v2\/media?parent=5037"}],"wp:term":[{"taxonomy":"category","embeddable":true,"href":"https:\/\/wp.ufpel.edu.br\/faem\/wp-json\/wp\/v2\/categories?post=5037"},{"taxonomy":"post_tag","embeddable":true,"href":"https:\/\/wp.ufpel.edu.br\/faem\/wp-json\/wp\/v2\/tags?post=5037"}],"curies":[{"name":"wp","href":"https:\/\/api.w.org\/{rel}","templated":true}]}}