{"id":4835,"date":"2023-08-10T15:02:33","date_gmt":"2023-08-10T18:02:33","guid":{"rendered":"https:\/\/wp.ufpel.edu.br\/faem\/?p=4835"},"modified":"2023-08-10T15:13:45","modified_gmt":"2023-08-10T18:13:45","slug":"qualificacao-salas-da-faem-localizadas-no-predio-do-claf","status":"publish","type":"post","link":"https:\/\/wp.ufpel.edu.br\/faem\/2023\/08\/10\/qualificacao-salas-da-faem-localizadas-no-predio-do-claf\/","title":{"rendered":"Qualifica\u00e7\u00e3o salas da FAEM localizadas no pr\u00e9dio do CLAF"},"content":{"rendered":"<p>Est\u00e1 em andamento o processo de qualifica\u00e7\u00e3o das Salas da FAEM localizadas no pr\u00e9dio do CLAF. Ser\u00e3o instaladas Cortinas, Condicionadores de ar compat\u00edveis com as dimens\u00f5es dos ambientes e o n\u00famero de usu\u00e1rios previstos. Al\u00e9m disso, ser\u00e3o disponibilizados equipamentos de proje\u00e7\u00e3o (data shows).<\/p>\n<p>\u00c9 importante salientar que os materiais e equipamentos j\u00e1 foram adquiridos e se encontram armazenados junto \u00e0 Secretaria Unificada. A instala\u00e7\u00e3o completa se dar\u00e1 nas pr\u00f3ximas semanas, seguindo cronograma de atendimento de demandas semelhantes por parte dos t\u00e9cnicos que realizam estas atividades.<\/p>\n<p>Trata-se de mais uma importante obra que objetiva melhorar as condi\u00e7\u00f5es oferecidas \u00e0 comunidade universit\u00e1ria que utiliza estas salas.<\/p>\n<p><a href=\"https:\/\/wp.ufpel.edu.br\/faem\/files\/2023\/08\/Imagem1.png\"><img class=\"alignnone size-medium wp-image-4834\" src=\"https:\/\/wp.ufpel.edu.br\/faem\/files\/2023\/08\/Imagem1-400x225.png\" alt=\"\" width=\"400\" height=\"225\" srcset=\"https:\/\/wp.ufpel.edu.br\/faem\/files\/2023\/08\/Imagem1-400x225.png 400w, https:\/\/wp.ufpel.edu.br\/faem\/files\/2023\/08\/Imagem1.png 612w\" sizes=\"(max-width: 400px) 100vw, 400px\" \/><\/a><\/p>\n","protected":false},"excerpt":{"rendered":"<p>Est\u00e1 em andamento o processo de qualifica\u00e7\u00e3o das Salas da FAEM localizadas no pr\u00e9dio do CLAF. Ser\u00e3o instaladas Cortinas, Condicionadores de ar compat\u00edveis com as dimens\u00f5es dos ambientes e o n\u00famero de usu\u00e1rios previstos. Al\u00e9m disso, ser\u00e3o disponibilizados equipamentos de proje\u00e7\u00e3o (data shows). \u00c9 importante salientar que os materiais e equipamentos j\u00e1 foram adquiridos e [&hellip;]<\/p>\n","protected":false},"author":235,"featured_media":0,"comment_status":"closed","ping_status":"closed","sticky":false,"template":"","format":"standard","meta":{"_jetpack_memberships_contains_paid_content":false,"footnotes":""},"categories":[18],"tags":[],"class_list":["post-4835","post","type-post","status-publish","format-standard","hentry","category-sem-categoria"],"jetpack_featured_media_url":"","jetpack_sharing_enabled":true,"_links":{"self":[{"href":"https:\/\/wp.ufpel.edu.br\/faem\/wp-json\/wp\/v2\/posts\/4835","targetHints":{"allow":["GET"]}}],"collection":[{"href":"https:\/\/wp.ufpel.edu.br\/faem\/wp-json\/wp\/v2\/posts"}],"about":[{"href":"https:\/\/wp.ufpel.edu.br\/faem\/wp-json\/wp\/v2\/types\/post"}],"author":[{"embeddable":true,"href":"https:\/\/wp.ufpel.edu.br\/faem\/wp-json\/wp\/v2\/users\/235"}],"replies":[{"embeddable":true,"href":"https:\/\/wp.ufpel.edu.br\/faem\/wp-json\/wp\/v2\/comments?post=4835"}],"version-history":[{"count":4,"href":"https:\/\/wp.ufpel.edu.br\/faem\/wp-json\/wp\/v2\/posts\/4835\/revisions"}],"predecessor-version":[{"id":4843,"href":"https:\/\/wp.ufpel.edu.br\/faem\/wp-json\/wp\/v2\/posts\/4835\/revisions\/4843"}],"wp:attachment":[{"href":"https:\/\/wp.ufpel.edu.br\/faem\/wp-json\/wp\/v2\/media?parent=4835"}],"wp:term":[{"taxonomy":"category","embeddable":true,"href":"https:\/\/wp.ufpel.edu.br\/faem\/wp-json\/wp\/v2\/categories?post=4835"},{"taxonomy":"post_tag","embeddable":true,"href":"https:\/\/wp.ufpel.edu.br\/faem\/wp-json\/wp\/v2\/tags?post=4835"}],"curies":[{"name":"wp","href":"https:\/\/api.w.org\/{rel}","templated":true}]}}