{"id":4709,"date":"2023-06-18T16:57:32","date_gmt":"2023-06-18T19:57:32","guid":{"rendered":"https:\/\/wp.ufpel.edu.br\/faem\/?p=4709"},"modified":"2023-06-18T17:14:19","modified_gmt":"2023-06-18T20:14:19","slug":"faem-marca-presente-na-fenadoce","status":"publish","type":"post","link":"https:\/\/wp.ufpel.edu.br\/faem\/2023\/06\/18\/faem-marca-presente-na-fenadoce\/","title":{"rendered":"FAEM marca prese\u00e7a na FENADOCE"},"content":{"rendered":"<p>Tradicional evento de promo\u00e7\u00e3o do turismo e da cultura doceira da regi\u00e3o, a\u00a0<a href=\"https:\/\/fenadoce.com.br\/\">Feira Nacional do Doce (Fenadoce)<\/a> teve o envolvimento da Universidade Federal de Pelotas (UFPel).<\/p>\n<p>Como parte das atividades, na tarde do dia 17 de junho, professores, servidores t\u00e9cnico administrativos e alunos da FAEM estiveram presente no Estande Institucional da UFPel na FENADOCE apresentando aos visitantes informa\u00e7\u00f5es gerais sobre a Faculdade e dos cursos de gradua\u00e7\u00e3o e p\u00f3s gradua\u00e7\u00e3o oferecidos.<\/p>\n<p><a href=\"https:\/\/wp.ufpel.edu.br\/faem\/files\/2023\/06\/Captura-de-Tela-2023-06-18-a\u0300s-17.12.07.png\"><img class=\"size-medium wp-image-4719 aligncenter\" src=\"https:\/\/wp.ufpel.edu.br\/faem\/files\/2023\/06\/Captura-de-Tela-2023-06-18-a\u0300s-17.12.07-400x239.png\" alt=\"\" width=\"400\" height=\"239\" srcset=\"https:\/\/wp.ufpel.edu.br\/faem\/files\/2023\/06\/Captura-de-Tela-2023-06-18-a\u0300s-17.12.07-400x239.png 400w, https:\/\/wp.ufpel.edu.br\/faem\/files\/2023\/06\/Captura-de-Tela-2023-06-18-a\u0300s-17.12.07-1024x611.png 1024w, https:\/\/wp.ufpel.edu.br\/faem\/files\/2023\/06\/Captura-de-Tela-2023-06-18-a\u0300s-17.12.07-768x458.png 768w, https:\/\/wp.ufpel.edu.br\/faem\/files\/2023\/06\/Captura-de-Tela-2023-06-18-a\u0300s-17.12.07-1536x916.png 1536w, https:\/\/wp.ufpel.edu.br\/faem\/files\/2023\/06\/Captura-de-Tela-2023-06-18-a\u0300s-17.12.07-2048x1222.png 2048w\" sizes=\"(max-width: 400px) 100vw, 400px\" \/><\/a><\/p>\n","protected":false},"excerpt":{"rendered":"<p>Tradicional evento de promo\u00e7\u00e3o do turismo e da cultura doceira da regi\u00e3o, a\u00a0Feira Nacional do Doce (Fenadoce) teve o envolvimento da Universidade Federal de Pelotas (UFPel). Como parte das atividades, na tarde do dia 17 de junho, professores, servidores t\u00e9cnico administrativos e alunos da FAEM estiveram presente no Estande Institucional da UFPel na FENADOCE apresentando [&hellip;]<\/p>\n","protected":false},"author":235,"featured_media":0,"comment_status":"closed","ping_status":"closed","sticky":false,"template":"","format":"standard","meta":{"_jetpack_memberships_contains_paid_content":false,"footnotes":""},"categories":[18],"tags":[],"class_list":["post-4709","post","type-post","status-publish","format-standard","hentry","category-sem-categoria"],"jetpack_featured_media_url":"","jetpack_sharing_enabled":true,"_links":{"self":[{"href":"https:\/\/wp.ufpel.edu.br\/faem\/wp-json\/wp\/v2\/posts\/4709","targetHints":{"allow":["GET"]}}],"collection":[{"href":"https:\/\/wp.ufpel.edu.br\/faem\/wp-json\/wp\/v2\/posts"}],"about":[{"href":"https:\/\/wp.ufpel.edu.br\/faem\/wp-json\/wp\/v2\/types\/post"}],"author":[{"embeddable":true,"href":"https:\/\/wp.ufpel.edu.br\/faem\/wp-json\/wp\/v2\/users\/235"}],"replies":[{"embeddable":true,"href":"https:\/\/wp.ufpel.edu.br\/faem\/wp-json\/wp\/v2\/comments?post=4709"}],"version-history":[{"count":6,"href":"https:\/\/wp.ufpel.edu.br\/faem\/wp-json\/wp\/v2\/posts\/4709\/revisions"}],"predecessor-version":[{"id":4721,"href":"https:\/\/wp.ufpel.edu.br\/faem\/wp-json\/wp\/v2\/posts\/4709\/revisions\/4721"}],"wp:attachment":[{"href":"https:\/\/wp.ufpel.edu.br\/faem\/wp-json\/wp\/v2\/media?parent=4709"}],"wp:term":[{"taxonomy":"category","embeddable":true,"href":"https:\/\/wp.ufpel.edu.br\/faem\/wp-json\/wp\/v2\/categories?post=4709"},{"taxonomy":"post_tag","embeddable":true,"href":"https:\/\/wp.ufpel.edu.br\/faem\/wp-json\/wp\/v2\/tags?post=4709"}],"curies":[{"name":"wp","href":"https:\/\/api.w.org\/{rel}","templated":true}]}}