{"id":4701,"date":"2023-06-18T16:36:55","date_gmt":"2023-06-18T19:36:55","guid":{"rendered":"https:\/\/wp.ufpel.edu.br\/faem\/?p=4701"},"modified":"2023-06-18T17:00:38","modified_gmt":"2023-06-18T20:00:38","slug":"publico-prestigia-o-mundo-ufpel","status":"publish","type":"post","link":"https:\/\/wp.ufpel.edu.br\/faem\/2023\/06\/18\/publico-prestigia-o-mundo-ufpel\/","title":{"rendered":"P\u00fablico prestigia o Mundo UFPel"},"content":{"rendered":"<p>Aconteceu no dia 17 de junho a 1\u00aa edi\u00e7\u00e3o do MUNDO UFPel. Foi\u00a0 um dia em que unidades acad\u00eamicas da Universidade Federal de Pelotas estavam de portas abertas para receber a popula\u00e7\u00e3o de Pelotas e das cidades da regi\u00e3o. Das 09h00 \u00e0s 13h00, professores\/as, alunos\/as e colaboradores\/as da Universidade acolheram os visitantes para mostrar a Universidade e seus cursos a todas as pessoas interessadas.<\/p>\n<p>Na FAEM os participantes foram recepcionados pela dire\u00e7\u00e3o, coordenadores de curso e professores, e aproveitaram a bela manh\u00e3 ensolarada pera percorrer os corredores da nossa centen\u00e1ria Faculdade e contemplar as belezas do Campus Universit\u00e1rio,<\/p>\n<p><a href=\"https:\/\/wp.ufpel.edu.br\/faem\/files\/2023\/06\/Captura-de-Tela-2023-06-18-a\u0300s-16.42.29.png\"><img class=\"alignnone size-medium wp-image-4706 aligncenter\" src=\"https:\/\/wp.ufpel.edu.br\/faem\/files\/2023\/06\/Captura-de-Tela-2023-06-18-a\u0300s-16.42.29-400x210.png\" alt=\"\" width=\"400\" height=\"210\" srcset=\"https:\/\/wp.ufpel.edu.br\/faem\/files\/2023\/06\/Captura-de-Tela-2023-06-18-a\u0300s-16.42.29-400x210.png 400w, https:\/\/wp.ufpel.edu.br\/faem\/files\/2023\/06\/Captura-de-Tela-2023-06-18-a\u0300s-16.42.29-1024x538.png 1024w, https:\/\/wp.ufpel.edu.br\/faem\/files\/2023\/06\/Captura-de-Tela-2023-06-18-a\u0300s-16.42.29-768x404.png 768w, https:\/\/wp.ufpel.edu.br\/faem\/files\/2023\/06\/Captura-de-Tela-2023-06-18-a\u0300s-16.42.29-1536x807.png 1536w, https:\/\/wp.ufpel.edu.br\/faem\/files\/2023\/06\/Captura-de-Tela-2023-06-18-a\u0300s-16.42.29-2048x1076.png 2048w\" sizes=\"(max-width: 400px) 100vw, 400px\" \/><\/a><\/p>\n<p>&nbsp;<\/p>\n","protected":false},"excerpt":{"rendered":"<p>Aconteceu no dia 17 de junho a 1\u00aa edi\u00e7\u00e3o do MUNDO UFPel. Foi\u00a0 um dia em que unidades acad\u00eamicas da Universidade Federal de Pelotas estavam de portas abertas para receber a popula\u00e7\u00e3o de Pelotas e das cidades da regi\u00e3o. Das 09h00 \u00e0s 13h00, professores\/as, alunos\/as e colaboradores\/as da Universidade acolheram os visitantes para mostrar a [&hellip;]<\/p>\n","protected":false},"author":235,"featured_media":0,"comment_status":"closed","ping_status":"closed","sticky":false,"template":"","format":"standard","meta":{"_jetpack_memberships_contains_paid_content":false,"footnotes":""},"categories":[18],"tags":[],"class_list":["post-4701","post","type-post","status-publish","format-standard","hentry","category-sem-categoria"],"jetpack_featured_media_url":"","jetpack_sharing_enabled":true,"_links":{"self":[{"href":"https:\/\/wp.ufpel.edu.br\/faem\/wp-json\/wp\/v2\/posts\/4701","targetHints":{"allow":["GET"]}}],"collection":[{"href":"https:\/\/wp.ufpel.edu.br\/faem\/wp-json\/wp\/v2\/posts"}],"about":[{"href":"https:\/\/wp.ufpel.edu.br\/faem\/wp-json\/wp\/v2\/types\/post"}],"author":[{"embeddable":true,"href":"https:\/\/wp.ufpel.edu.br\/faem\/wp-json\/wp\/v2\/users\/235"}],"replies":[{"embeddable":true,"href":"https:\/\/wp.ufpel.edu.br\/faem\/wp-json\/wp\/v2\/comments?post=4701"}],"version-history":[{"count":5,"href":"https:\/\/wp.ufpel.edu.br\/faem\/wp-json\/wp\/v2\/posts\/4701\/revisions"}],"predecessor-version":[{"id":4714,"href":"https:\/\/wp.ufpel.edu.br\/faem\/wp-json\/wp\/v2\/posts\/4701\/revisions\/4714"}],"wp:attachment":[{"href":"https:\/\/wp.ufpel.edu.br\/faem\/wp-json\/wp\/v2\/media?parent=4701"}],"wp:term":[{"taxonomy":"category","embeddable":true,"href":"https:\/\/wp.ufpel.edu.br\/faem\/wp-json\/wp\/v2\/categories?post=4701"},{"taxonomy":"post_tag","embeddable":true,"href":"https:\/\/wp.ufpel.edu.br\/faem\/wp-json\/wp\/v2\/tags?post=4701"}],"curies":[{"name":"wp","href":"https:\/\/api.w.org\/{rel}","templated":true}]}}