{"id":4693,"date":"2023-06-18T12:02:47","date_gmt":"2023-06-18T15:02:47","guid":{"rendered":"https:\/\/wp.ufpel.edu.br\/faem\/?p=4693"},"modified":"2023-06-19T08:19:32","modified_gmt":"2023-06-19T11:19:32","slug":"faem-recebe-visita-do-presidente-da-confeab","status":"publish","type":"post","link":"https:\/\/wp.ufpel.edu.br\/faem\/2023\/06\/18\/faem-recebe-visita-do-presidente-da-confeab\/","title":{"rendered":"FAEM recebe visita do presidente da CONFEAB"},"content":{"rendered":"<p>O Engenheiro Agr\u00f4nomo Kleber Santos, presidente da <a href=\"https:\/\/confaeab.com\/\">CONFAEAB &#8211; Confedera\u00e7\u00e3o dos Engenheiros Agr\u00f4nomos do Brasil<\/a> esteve recentemente em Pelotas, em fun\u00e7\u00e3o de\u00a0 preparativo ao <a href=\"https:\/\/www.cba2023.agr.br\/\">XXXIII Congresso Brasileiro de Agronomia<\/a>, que ser\u00e1 realizado em Pelotas de 12 a 15 de setembro. Aproveitou a oportunidade para visitar a FAEM onde foi recebido pelo Diretor Prof. Dirceu Agostinetto que lhe agraciou com um exemplar do livro <strong>FAEM, um s\u00e9culo e 35 anos de hist\u00f3ria<\/strong>.<\/p>\n<p><a href=\"https:\/\/wp.ufpel.edu.br\/faem\/files\/2023\/06\/WhatsApp-Image-2023-06-17-at-15.05.00.jpeg\"><img class=\"size-medium wp-image-4696 aligncenter\" src=\"https:\/\/wp.ufpel.edu.br\/faem\/files\/2023\/06\/WhatsApp-Image-2023-06-17-at-15.05.00-400x400.jpeg\" alt=\"\" width=\"400\" height=\"400\" srcset=\"https:\/\/wp.ufpel.edu.br\/faem\/files\/2023\/06\/WhatsApp-Image-2023-06-17-at-15.05.00-400x400.jpeg 400w, https:\/\/wp.ufpel.edu.br\/faem\/files\/2023\/06\/WhatsApp-Image-2023-06-17-at-15.05.00-1024x1024.jpeg 1024w, https:\/\/wp.ufpel.edu.br\/faem\/files\/2023\/06\/WhatsApp-Image-2023-06-17-at-15.05.00-200x200.jpeg 200w, https:\/\/wp.ufpel.edu.br\/faem\/files\/2023\/06\/WhatsApp-Image-2023-06-17-at-15.05.00-768x768.jpeg 768w, https:\/\/wp.ufpel.edu.br\/faem\/files\/2023\/06\/WhatsApp-Image-2023-06-17-at-15.05.00-1536x1536.jpeg 1536w, https:\/\/wp.ufpel.edu.br\/faem\/files\/2023\/06\/WhatsApp-Image-2023-06-17-at-15.05.00.jpeg 1599w\" sizes=\"(max-width: 400px) 100vw, 400px\" \/><\/a><\/p>\n","protected":false},"excerpt":{"rendered":"<p>O Engenheiro Agr\u00f4nomo Kleber Santos, presidente da CONFAEAB &#8211; Confedera\u00e7\u00e3o dos Engenheiros Agr\u00f4nomos do Brasil esteve recentemente em Pelotas, em fun\u00e7\u00e3o de\u00a0 preparativo ao XXXIII Congresso Brasileiro de Agronomia, que ser\u00e1 realizado em Pelotas de 12 a 15 de setembro. Aproveitou a oportunidade para visitar a FAEM onde foi recebido pelo Diretor Prof. Dirceu Agostinetto [&hellip;]<\/p>\n","protected":false},"author":235,"featured_media":0,"comment_status":"closed","ping_status":"closed","sticky":false,"template":"","format":"standard","meta":{"_jetpack_memberships_contains_paid_content":false,"footnotes":""},"categories":[18],"tags":[],"class_list":["post-4693","post","type-post","status-publish","format-standard","hentry","category-sem-categoria"],"jetpack_featured_media_url":"","jetpack_sharing_enabled":true,"_links":{"self":[{"href":"https:\/\/wp.ufpel.edu.br\/faem\/wp-json\/wp\/v2\/posts\/4693","targetHints":{"allow":["GET"]}}],"collection":[{"href":"https:\/\/wp.ufpel.edu.br\/faem\/wp-json\/wp\/v2\/posts"}],"about":[{"href":"https:\/\/wp.ufpel.edu.br\/faem\/wp-json\/wp\/v2\/types\/post"}],"author":[{"embeddable":true,"href":"https:\/\/wp.ufpel.edu.br\/faem\/wp-json\/wp\/v2\/users\/235"}],"replies":[{"embeddable":true,"href":"https:\/\/wp.ufpel.edu.br\/faem\/wp-json\/wp\/v2\/comments?post=4693"}],"version-history":[{"count":4,"href":"https:\/\/wp.ufpel.edu.br\/faem\/wp-json\/wp\/v2\/posts\/4693\/revisions"}],"predecessor-version":[{"id":4722,"href":"https:\/\/wp.ufpel.edu.br\/faem\/wp-json\/wp\/v2\/posts\/4693\/revisions\/4722"}],"wp:attachment":[{"href":"https:\/\/wp.ufpel.edu.br\/faem\/wp-json\/wp\/v2\/media?parent=4693"}],"wp:term":[{"taxonomy":"category","embeddable":true,"href":"https:\/\/wp.ufpel.edu.br\/faem\/wp-json\/wp\/v2\/categories?post=4693"},{"taxonomy":"post_tag","embeddable":true,"href":"https:\/\/wp.ufpel.edu.br\/faem\/wp-json\/wp\/v2\/tags?post=4693"}],"curies":[{"name":"wp","href":"https:\/\/api.w.org\/{rel}","templated":true}]}}