{"id":4671,"date":"2023-06-13T09:36:50","date_gmt":"2023-06-13T12:36:50","guid":{"rendered":"https:\/\/wp.ufpel.edu.br\/faem\/?p=4671"},"modified":"2023-06-13T09:39:45","modified_gmt":"2023-06-13T12:39:45","slug":"congresso-brasileiro-de-agronomia-cba-2023-tem-novidades","status":"publish","type":"post","link":"https:\/\/wp.ufpel.edu.br\/faem\/2023\/06\/13\/congresso-brasileiro-de-agronomia-cba-2023-tem-novidades\/","title":{"rendered":"Congresso Brasileiro de Agronomia &#8211; CBA\/2023 tem novidades"},"content":{"rendered":"<p>A Comiss\u00e3o Organizadora do XXXIII Congresso Brasileiro de Agronomia, dentre outras delibera\u00e7\u00f5es, aprovou a altera\u00e7\u00e3o da data para inscri\u00e7\u00f5es de trabalhos para at\u00e9 o dia 17 de julho e a bonifica\u00e7\u00e3o de 50% do valor das inscri\u00e7\u00f5es para estudantes e profissionais que\u00a0tiverem trabalho aprovado pela Comiss\u00e3o Tem\u00e1tica.<br \/>\nTamb\u00e9m decidiu manter at\u00e9 30 de junho o valor das inscri\u00e7\u00f5es que estava previsto \u00a0para maio.<\/p>\n<p><a href=\"https:\/\/wp.ufpel.edu.br\/faem\/files\/2023\/06\/Logo-CBA-2023.jpg\"><img class=\"alignnone size-medium wp-image-4674\" src=\"https:\/\/wp.ufpel.edu.br\/faem\/files\/2023\/06\/Logo-CBA-2023-400x114.jpg\" alt=\"\" width=\"400\" height=\"114\" srcset=\"https:\/\/wp.ufpel.edu.br\/faem\/files\/2023\/06\/Logo-CBA-2023-400x114.jpg 400w, https:\/\/wp.ufpel.edu.br\/faem\/files\/2023\/06\/Logo-CBA-2023-1024x293.jpg 1024w, https:\/\/wp.ufpel.edu.br\/faem\/files\/2023\/06\/Logo-CBA-2023-768x219.jpg 768w, https:\/\/wp.ufpel.edu.br\/faem\/files\/2023\/06\/Logo-CBA-2023-1536x439.jpg 1536w, https:\/\/wp.ufpel.edu.br\/faem\/files\/2023\/06\/Logo-CBA-2023-2048x585.jpg 2048w\" sizes=\"(max-width: 400px) 100vw, 400px\" \/><\/a><\/p>\n<p>Acesse a <a href=\"https:\/\/www.cba2023.agr.br\/\"><strong>P\u00e1gina do Evento<\/strong><\/a> para maiores informa\u00e7\u00f5es<\/p>\n<p>&nbsp;<\/p>\n","protected":false},"excerpt":{"rendered":"<p>A Comiss\u00e3o Organizadora do XXXIII Congresso Brasileiro de Agronomia, dentre outras delibera\u00e7\u00f5es, aprovou a altera\u00e7\u00e3o da data para inscri\u00e7\u00f5es de trabalhos para at\u00e9 o dia 17 de julho e a bonifica\u00e7\u00e3o de 50% do valor das inscri\u00e7\u00f5es para estudantes e profissionais que\u00a0tiverem trabalho aprovado pela Comiss\u00e3o Tem\u00e1tica. Tamb\u00e9m decidiu manter at\u00e9 30 de junho o [&hellip;]<\/p>\n","protected":false},"author":235,"featured_media":0,"comment_status":"closed","ping_status":"closed","sticky":false,"template":"","format":"standard","meta":{"_jetpack_memberships_contains_paid_content":false,"footnotes":""},"categories":[18],"tags":[],"class_list":["post-4671","post","type-post","status-publish","format-standard","hentry","category-sem-categoria"],"jetpack_featured_media_url":"","jetpack_sharing_enabled":true,"_links":{"self":[{"href":"https:\/\/wp.ufpel.edu.br\/faem\/wp-json\/wp\/v2\/posts\/4671","targetHints":{"allow":["GET"]}}],"collection":[{"href":"https:\/\/wp.ufpel.edu.br\/faem\/wp-json\/wp\/v2\/posts"}],"about":[{"href":"https:\/\/wp.ufpel.edu.br\/faem\/wp-json\/wp\/v2\/types\/post"}],"author":[{"embeddable":true,"href":"https:\/\/wp.ufpel.edu.br\/faem\/wp-json\/wp\/v2\/users\/235"}],"replies":[{"embeddable":true,"href":"https:\/\/wp.ufpel.edu.br\/faem\/wp-json\/wp\/v2\/comments?post=4671"}],"version-history":[{"count":4,"href":"https:\/\/wp.ufpel.edu.br\/faem\/wp-json\/wp\/v2\/posts\/4671\/revisions"}],"predecessor-version":[{"id":4677,"href":"https:\/\/wp.ufpel.edu.br\/faem\/wp-json\/wp\/v2\/posts\/4671\/revisions\/4677"}],"wp:attachment":[{"href":"https:\/\/wp.ufpel.edu.br\/faem\/wp-json\/wp\/v2\/media?parent=4671"}],"wp:term":[{"taxonomy":"category","embeddable":true,"href":"https:\/\/wp.ufpel.edu.br\/faem\/wp-json\/wp\/v2\/categories?post=4671"},{"taxonomy":"post_tag","embeddable":true,"href":"https:\/\/wp.ufpel.edu.br\/faem\/wp-json\/wp\/v2\/tags?post=4671"}],"curies":[{"name":"wp","href":"https:\/\/api.w.org\/{rel}","templated":true}]}}