{"id":4668,"date":"2023-06-13T09:07:26","date_gmt":"2023-06-13T12:07:26","guid":{"rendered":"https:\/\/wp.ufpel.edu.br\/faem\/?p=4668"},"modified":"2023-06-13T09:07:26","modified_gmt":"2023-06-13T12:07:26","slug":"recepcao-aos-calouros-da-agronomia-e-zootecnia","status":"publish","type":"post","link":"https:\/\/wp.ufpel.edu.br\/faem\/2023\/06\/13\/recepcao-aos-calouros-da-agronomia-e-zootecnia\/","title":{"rendered":"Recep\u00e7\u00e3o aos calouros da Agronomia e Zootecnia"},"content":{"rendered":"<p>Os calouros dos cursos de Agronomia e Zootecnia foram recepcionados no Anfiteatro da FAEM. O evento contou com a presen\u00e7a da Vice Reitora, Pr\u00f3-Reitor de P\u00f3s Gradua\u00e7\u00e3o, Diretor da FAEM, Coordenadores dos Colegiados de Curso, representantes dos Diret\u00f3rios Acad\u00eamicos dos respectivos cursos, Associa\u00e7\u00f5es Atl\u00e9ticas, PET e Ecape.<\/p>\n<p style=\"text-align: center;\"><a href=\"https:\/\/wp.ufpel.edu.br\/faem\/files\/2023\/06\/Captura-de-Tela-2023-06-13-a\u0300s-09.02.34.png\"><img class=\"size-medium wp-image-4667 aligncenter\" src=\"https:\/\/wp.ufpel.edu.br\/faem\/files\/2023\/06\/Captura-de-Tela-2023-06-13-a\u0300s-09.02.34-400x225.png\" alt=\"\" width=\"400\" height=\"225\" srcset=\"https:\/\/wp.ufpel.edu.br\/faem\/files\/2023\/06\/Captura-de-Tela-2023-06-13-a\u0300s-09.02.34-400x225.png 400w, https:\/\/wp.ufpel.edu.br\/faem\/files\/2023\/06\/Captura-de-Tela-2023-06-13-a\u0300s-09.02.34-1024x576.png 1024w, https:\/\/wp.ufpel.edu.br\/faem\/files\/2023\/06\/Captura-de-Tela-2023-06-13-a\u0300s-09.02.34-768x432.png 768w, https:\/\/wp.ufpel.edu.br\/faem\/files\/2023\/06\/Captura-de-Tela-2023-06-13-a\u0300s-09.02.34.png 1280w\" sizes=\"(max-width: 400px) 100vw, 400px\" \/>Desejamos a todos \u00eaxito no curso que est\u00e3o iniciando,<\/a><\/p>\n","protected":false},"excerpt":{"rendered":"<p>Os calouros dos cursos de Agronomia e Zootecnia foram recepcionados no Anfiteatro da FAEM. O evento contou com a presen\u00e7a da Vice Reitora, Pr\u00f3-Reitor de P\u00f3s Gradua\u00e7\u00e3o, Diretor da FAEM, Coordenadores dos Colegiados de Curso, representantes dos Diret\u00f3rios Acad\u00eamicos dos respectivos cursos, Associa\u00e7\u00f5es Atl\u00e9ticas, PET e Ecape. Desejamos a todos \u00eaxito no curso que est\u00e3o [&hellip;]<\/p>\n","protected":false},"author":235,"featured_media":0,"comment_status":"closed","ping_status":"closed","sticky":false,"template":"","format":"standard","meta":{"_jetpack_memberships_contains_paid_content":false,"footnotes":""},"categories":[18],"tags":[],"class_list":["post-4668","post","type-post","status-publish","format-standard","hentry","category-sem-categoria"],"jetpack_featured_media_url":"","jetpack_sharing_enabled":true,"_links":{"self":[{"href":"https:\/\/wp.ufpel.edu.br\/faem\/wp-json\/wp\/v2\/posts\/4668","targetHints":{"allow":["GET"]}}],"collection":[{"href":"https:\/\/wp.ufpel.edu.br\/faem\/wp-json\/wp\/v2\/posts"}],"about":[{"href":"https:\/\/wp.ufpel.edu.br\/faem\/wp-json\/wp\/v2\/types\/post"}],"author":[{"embeddable":true,"href":"https:\/\/wp.ufpel.edu.br\/faem\/wp-json\/wp\/v2\/users\/235"}],"replies":[{"embeddable":true,"href":"https:\/\/wp.ufpel.edu.br\/faem\/wp-json\/wp\/v2\/comments?post=4668"}],"version-history":[{"count":1,"href":"https:\/\/wp.ufpel.edu.br\/faem\/wp-json\/wp\/v2\/posts\/4668\/revisions"}],"predecessor-version":[{"id":4670,"href":"https:\/\/wp.ufpel.edu.br\/faem\/wp-json\/wp\/v2\/posts\/4668\/revisions\/4670"}],"wp:attachment":[{"href":"https:\/\/wp.ufpel.edu.br\/faem\/wp-json\/wp\/v2\/media?parent=4668"}],"wp:term":[{"taxonomy":"category","embeddable":true,"href":"https:\/\/wp.ufpel.edu.br\/faem\/wp-json\/wp\/v2\/categories?post=4668"},{"taxonomy":"post_tag","embeddable":true,"href":"https:\/\/wp.ufpel.edu.br\/faem\/wp-json\/wp\/v2\/tags?post=4668"}],"curies":[{"name":"wp","href":"https:\/\/api.w.org\/{rel}","templated":true}]}}