{"id":4663,"date":"2023-06-08T14:31:08","date_gmt":"2023-06-08T17:31:08","guid":{"rendered":"https:\/\/wp.ufpel.edu.br\/faem\/?p=4663"},"modified":"2023-06-08T14:31:08","modified_gmt":"2023-06-08T17:31:08","slug":"sala-para-a-disciplina-desenho-tecnico","status":"publish","type":"post","link":"https:\/\/wp.ufpel.edu.br\/faem\/2023\/06\/08\/sala-para-a-disciplina-desenho-tecnico\/","title":{"rendered":"Sala para a disciplina Desenho T\u00e9cnico"},"content":{"rendered":"<p>A dire\u00e7\u00e3o da FAEM qualifica a sala 214 para atendimento \u00e0s demandas da disciplina de Desenho T\u00e9cnico. Agradecemos aos professores \u00c1lvaro Renato Guerra Dias,\u00a0 Lilian Vanussa Madruga de Tunes,\u00a0 Dirceu Agostinetto, Elessandra da Rosa Zavareze e Nathan Levien Vanier pela aquisi\u00e7\u00e3o dos bancos.<\/p>\n<p>&nbsp;<\/p>\n<p><a href=\"https:\/\/wp.ufpel.edu.br\/faem\/files\/2023\/06\/WhatsApp-Image-2023-06-07-at-13.45.28.jpeg\"><img class=\"alignnone size-medium wp-image-4658\" src=\"https:\/\/wp.ufpel.edu.br\/faem\/files\/2023\/06\/WhatsApp-Image-2023-06-07-at-13.45.28-400x400.jpeg\" alt=\"\" width=\"400\" height=\"400\" srcset=\"https:\/\/wp.ufpel.edu.br\/faem\/files\/2023\/06\/WhatsApp-Image-2023-06-07-at-13.45.28-400x400.jpeg 400w, https:\/\/wp.ufpel.edu.br\/faem\/files\/2023\/06\/WhatsApp-Image-2023-06-07-at-13.45.28-1024x1024.jpeg 1024w, https:\/\/wp.ufpel.edu.br\/faem\/files\/2023\/06\/WhatsApp-Image-2023-06-07-at-13.45.28-200x200.jpeg 200w, https:\/\/wp.ufpel.edu.br\/faem\/files\/2023\/06\/WhatsApp-Image-2023-06-07-at-13.45.28-768x768.jpeg 768w, https:\/\/wp.ufpel.edu.br\/faem\/files\/2023\/06\/WhatsApp-Image-2023-06-07-at-13.45.28-1536x1536.jpeg 1536w, https:\/\/wp.ufpel.edu.br\/faem\/files\/2023\/06\/WhatsApp-Image-2023-06-07-at-13.45.28.jpeg 1599w\" sizes=\"(max-width: 400px) 100vw, 400px\" \/><\/a> <a href=\"https:\/\/wp.ufpel.edu.br\/faem\/files\/2023\/06\/WhatsApp-Image-2023-06-07-at-13.45.27.jpeg\"><img class=\"alignnone size-medium wp-image-4659\" src=\"https:\/\/wp.ufpel.edu.br\/faem\/files\/2023\/06\/WhatsApp-Image-2023-06-07-at-13.45.27-400x400.jpeg\" alt=\"\" width=\"400\" height=\"400\" srcset=\"https:\/\/wp.ufpel.edu.br\/faem\/files\/2023\/06\/WhatsApp-Image-2023-06-07-at-13.45.27-400x400.jpeg 400w, https:\/\/wp.ufpel.edu.br\/faem\/files\/2023\/06\/WhatsApp-Image-2023-06-07-at-13.45.27-1024x1024.jpeg 1024w, https:\/\/wp.ufpel.edu.br\/faem\/files\/2023\/06\/WhatsApp-Image-2023-06-07-at-13.45.27-200x200.jpeg 200w, https:\/\/wp.ufpel.edu.br\/faem\/files\/2023\/06\/WhatsApp-Image-2023-06-07-at-13.45.27-768x768.jpeg 768w, https:\/\/wp.ufpel.edu.br\/faem\/files\/2023\/06\/WhatsApp-Image-2023-06-07-at-13.45.27-1536x1536.jpeg 1536w, https:\/\/wp.ufpel.edu.br\/faem\/files\/2023\/06\/WhatsApp-Image-2023-06-07-at-13.45.27.jpeg 1599w\" sizes=\"(max-width: 400px) 100vw, 400px\" \/><\/a><\/p>\n","protected":false},"excerpt":{"rendered":"<p>A dire\u00e7\u00e3o da FAEM qualifica a sala 214 para atendimento \u00e0s demandas da disciplina de Desenho T\u00e9cnico. Agradecemos aos professores \u00c1lvaro Renato Guerra Dias,\u00a0 Lilian Vanussa Madruga de Tunes,\u00a0 Dirceu Agostinetto, Elessandra da Rosa Zavareze e Nathan Levien Vanier pela aquisi\u00e7\u00e3o dos bancos. &nbsp;<\/p>\n","protected":false},"author":235,"featured_media":0,"comment_status":"closed","ping_status":"closed","sticky":false,"template":"","format":"standard","meta":{"_jetpack_memberships_contains_paid_content":false,"footnotes":""},"categories":[18],"tags":[],"class_list":["post-4663","post","type-post","status-publish","format-standard","hentry","category-sem-categoria"],"jetpack_featured_media_url":"","jetpack_sharing_enabled":true,"_links":{"self":[{"href":"https:\/\/wp.ufpel.edu.br\/faem\/wp-json\/wp\/v2\/posts\/4663","targetHints":{"allow":["GET"]}}],"collection":[{"href":"https:\/\/wp.ufpel.edu.br\/faem\/wp-json\/wp\/v2\/posts"}],"about":[{"href":"https:\/\/wp.ufpel.edu.br\/faem\/wp-json\/wp\/v2\/types\/post"}],"author":[{"embeddable":true,"href":"https:\/\/wp.ufpel.edu.br\/faem\/wp-json\/wp\/v2\/users\/235"}],"replies":[{"embeddable":true,"href":"https:\/\/wp.ufpel.edu.br\/faem\/wp-json\/wp\/v2\/comments?post=4663"}],"version-history":[{"count":2,"href":"https:\/\/wp.ufpel.edu.br\/faem\/wp-json\/wp\/v2\/posts\/4663\/revisions"}],"predecessor-version":[{"id":4666,"href":"https:\/\/wp.ufpel.edu.br\/faem\/wp-json\/wp\/v2\/posts\/4663\/revisions\/4666"}],"wp:attachment":[{"href":"https:\/\/wp.ufpel.edu.br\/faem\/wp-json\/wp\/v2\/media?parent=4663"}],"wp:term":[{"taxonomy":"category","embeddable":true,"href":"https:\/\/wp.ufpel.edu.br\/faem\/wp-json\/wp\/v2\/categories?post=4663"},{"taxonomy":"post_tag","embeddable":true,"href":"https:\/\/wp.ufpel.edu.br\/faem\/wp-json\/wp\/v2\/tags?post=4663"}],"curies":[{"name":"wp","href":"https:\/\/api.w.org\/{rel}","templated":true}]}}