{"id":4654,"date":"2023-06-08T12:44:45","date_gmt":"2023-06-08T15:44:45","guid":{"rendered":"https:\/\/wp.ufpel.edu.br\/faem\/?p=4654"},"modified":"2023-06-08T12:44:45","modified_gmt":"2023-06-08T15:44:45","slug":"aposentadoria-mes-de-maio","status":"publish","type":"post","link":"https:\/\/wp.ufpel.edu.br\/faem\/2023\/06\/08\/aposentadoria-mes-de-maio\/","title":{"rendered":"Aposentadoria M\u00eas de Maio"},"content":{"rendered":"<p>Aposentou-s em 28 de maio de 2023 a servidora t\u00e9cnica administrativa MARIA ALICE DA SILVA DE CASTRO, ocupante do T\u00e9cnica de Laborat\u00f3rio. Atuou no Departamento de Fitotecnia junto ao Laborat\u00f3rio de An\u00e1lise de Sementes e Laborat\u00f3rio de Biosementes.<\/p>\n<p>A dire\u00e7\u00e3o da FAEM em nome de toda comunidade universit\u00e1ria agradece a dedica\u00e7\u00e3o junto \u00e0 Faculdade de Agronomia Eliseu Maciel. O seu tempo de servi\u00e7o foi muito importante para n\u00f3s. Obrigado por se dedicar \u00e0 FAEM e \u00e0 UFPel.\u00a0 Desejamos que esta nova etapa da vida seja marcada por muita sa\u00fade e felicidade.<\/p>\n","protected":false},"excerpt":{"rendered":"<p>Aposentou-s em 28 de maio de 2023 a servidora t\u00e9cnica administrativa MARIA ALICE DA SILVA DE CASTRO, ocupante do T\u00e9cnica de Laborat\u00f3rio. Atuou no Departamento de Fitotecnia junto ao Laborat\u00f3rio de An\u00e1lise de Sementes e Laborat\u00f3rio de Biosementes. A dire\u00e7\u00e3o da FAEM em nome de toda comunidade universit\u00e1ria agradece a dedica\u00e7\u00e3o junto \u00e0 Faculdade de [&hellip;]<\/p>\n","protected":false},"author":235,"featured_media":0,"comment_status":"closed","ping_status":"closed","sticky":false,"template":"","format":"standard","meta":{"_jetpack_memberships_contains_paid_content":false,"footnotes":""},"categories":[18],"tags":[],"class_list":["post-4654","post","type-post","status-publish","format-standard","hentry","category-sem-categoria"],"jetpack_featured_media_url":"","jetpack_sharing_enabled":true,"_links":{"self":[{"href":"https:\/\/wp.ufpel.edu.br\/faem\/wp-json\/wp\/v2\/posts\/4654","targetHints":{"allow":["GET"]}}],"collection":[{"href":"https:\/\/wp.ufpel.edu.br\/faem\/wp-json\/wp\/v2\/posts"}],"about":[{"href":"https:\/\/wp.ufpel.edu.br\/faem\/wp-json\/wp\/v2\/types\/post"}],"author":[{"embeddable":true,"href":"https:\/\/wp.ufpel.edu.br\/faem\/wp-json\/wp\/v2\/users\/235"}],"replies":[{"embeddable":true,"href":"https:\/\/wp.ufpel.edu.br\/faem\/wp-json\/wp\/v2\/comments?post=4654"}],"version-history":[{"count":1,"href":"https:\/\/wp.ufpel.edu.br\/faem\/wp-json\/wp\/v2\/posts\/4654\/revisions"}],"predecessor-version":[{"id":4656,"href":"https:\/\/wp.ufpel.edu.br\/faem\/wp-json\/wp\/v2\/posts\/4654\/revisions\/4656"}],"wp:attachment":[{"href":"https:\/\/wp.ufpel.edu.br\/faem\/wp-json\/wp\/v2\/media?parent=4654"}],"wp:term":[{"taxonomy":"category","embeddable":true,"href":"https:\/\/wp.ufpel.edu.br\/faem\/wp-json\/wp\/v2\/categories?post=4654"},{"taxonomy":"post_tag","embeddable":true,"href":"https:\/\/wp.ufpel.edu.br\/faem\/wp-json\/wp\/v2\/tags?post=4654"}],"curies":[{"name":"wp","href":"https:\/\/api.w.org\/{rel}","templated":true}]}}