{"id":4589,"date":"2023-03-31T19:25:06","date_gmt":"2023-03-31T22:25:06","guid":{"rendered":"https:\/\/wp.ufpel.edu.br\/faem\/?p=4589"},"modified":"2023-03-31T19:25:58","modified_gmt":"2023-03-31T22:25:58","slug":"xlii-reuniao-da-comissao-brasileira-de-pesquisa-de-aveia","status":"publish","type":"post","link":"https:\/\/wp.ufpel.edu.br\/faem\/2023\/03\/31\/xlii-reuniao-da-comissao-brasileira-de-pesquisa-de-aveia\/","title":{"rendered":"XLII Reuni\u00e3o da Comiss\u00e3o Brasileira de Pesquisa de Aveia"},"content":{"rendered":"<p>Nos dias 4 a 6 de abril de 2023, ocorre no audit\u00f3rio da Faculdade de Agronomia Eliseu Maciel, a XLII Reuni\u00e3o da Comiss\u00e3o Brasileira de Pesquisa de Aveia. A Reuni\u00e3o, que ocorre de forma anual itinerante, tem a FAEM\/UFPel como organizadora pela sexta vez, seguindo 2000, 2004, 2008, 2013 e 2016. O grupo de pesquisa do Centro de Gen\u00f4mica e Fitomelhoramento segue o legado do saudoso Prof. Fernando Iraj\u00e1 F\u00e9lix de Carvalho, organizador das 3 primeiras edi\u00e7\u00f5es na UFPel e co-fundador da pr\u00f3pria Comiss\u00e3o. Desde 1980, pesquisadores, professores, estudantes e t\u00e9cnicos discutem os rumos da cultura da aveia e relatam os progressos no desenvolvimento de novas cultivares.<\/p>\n<p>Abaixo compartilhamos flyer do evento e alguns experimentos com a cultura realizada por docentes da FAEM.<\/p>\n<p>&nbsp;<\/p>\n<p><a href=\"https:\/\/wp.ufpel.edu.br\/faem\/files\/2023\/03\/WhatsApp-Image-2023-03-31-at-19.16.25.jpeg\"><img class=\"alignnone size-medium wp-image-4595\" src=\"https:\/\/wp.ufpel.edu.br\/faem\/files\/2023\/03\/WhatsApp-Image-2023-03-31-at-19.16.25-400x300.jpeg\" alt=\"\" width=\"400\" height=\"300\" srcset=\"https:\/\/wp.ufpel.edu.br\/faem\/files\/2023\/03\/WhatsApp-Image-2023-03-31-at-19.16.25-400x300.jpeg 400w, https:\/\/wp.ufpel.edu.br\/faem\/files\/2023\/03\/WhatsApp-Image-2023-03-31-at-19.16.25-1024x768.jpeg 1024w, https:\/\/wp.ufpel.edu.br\/faem\/files\/2023\/03\/WhatsApp-Image-2023-03-31-at-19.16.25-768x576.jpeg 768w, https:\/\/wp.ufpel.edu.br\/faem\/files\/2023\/03\/WhatsApp-Image-2023-03-31-at-19.16.25.jpeg 1040w\" sizes=\"(max-width: 400px) 100vw, 400px\" \/><\/a> <a href=\"https:\/\/wp.ufpel.edu.br\/faem\/files\/2023\/03\/WhatsApp-Image-2023-03-31-at-19.16.35.jpeg\"><img class=\"alignnone size-medium wp-image-4594\" src=\"https:\/\/wp.ufpel.edu.br\/faem\/files\/2023\/03\/WhatsApp-Image-2023-03-31-at-19.16.35-300x400.jpeg\" alt=\"\" width=\"300\" height=\"400\" srcset=\"https:\/\/wp.ufpel.edu.br\/faem\/files\/2023\/03\/WhatsApp-Image-2023-03-31-at-19.16.35-300x400.jpeg 300w, https:\/\/wp.ufpel.edu.br\/faem\/files\/2023\/03\/WhatsApp-Image-2023-03-31-at-19.16.35-768x1024.jpeg 768w, https:\/\/wp.ufpel.edu.br\/faem\/files\/2023\/03\/WhatsApp-Image-2023-03-31-at-19.16.35.jpeg 780w\" sizes=\"(max-width: 300px) 100vw, 300px\" \/><\/a> <a href=\"https:\/\/wp.ufpel.edu.br\/faem\/files\/2023\/03\/WhatsApp-Image-2023-03-31-at-19.17.04.jpeg\"><img class=\"alignnone size-medium wp-image-4593\" src=\"https:\/\/wp.ufpel.edu.br\/faem\/files\/2023\/03\/WhatsApp-Image-2023-03-31-at-19.17.04-300x400.jpeg\" alt=\"\" width=\"300\" height=\"400\" srcset=\"https:\/\/wp.ufpel.edu.br\/faem\/files\/2023\/03\/WhatsApp-Image-2023-03-31-at-19.17.04-300x400.jpeg 300w, https:\/\/wp.ufpel.edu.br\/faem\/files\/2023\/03\/WhatsApp-Image-2023-03-31-at-19.17.04-768x1024.jpeg 768w, https:\/\/wp.ufpel.edu.br\/faem\/files\/2023\/03\/WhatsApp-Image-2023-03-31-at-19.17.04.jpeg 780w\" sizes=\"(max-width: 300px) 100vw, 300px\" \/><\/a> <a href=\"https:\/\/wp.ufpel.edu.br\/faem\/files\/2023\/03\/WhatsApp-Image-2023-03-31-at-19.18.09-1.jpeg\"><img class=\"alignnone size-medium wp-image-4592\" src=\"https:\/\/wp.ufpel.edu.br\/faem\/files\/2023\/03\/WhatsApp-Image-2023-03-31-at-19.18.09-1-225x400.jpeg\" alt=\"\" width=\"225\" height=\"400\" srcset=\"https:\/\/wp.ufpel.edu.br\/faem\/files\/2023\/03\/WhatsApp-Image-2023-03-31-at-19.18.09-1-225x400.jpeg 225w, https:\/\/wp.ufpel.edu.br\/faem\/files\/2023\/03\/WhatsApp-Image-2023-03-31-at-19.18.09-1-576x1024.jpeg 576w, https:\/\/wp.ufpel.edu.br\/faem\/files\/2023\/03\/WhatsApp-Image-2023-03-31-at-19.18.09-1-768x1365.jpeg 768w, https:\/\/wp.ufpel.edu.br\/faem\/files\/2023\/03\/WhatsApp-Image-2023-03-31-at-19.18.09-1-864x1536.jpeg 864w, https:\/\/wp.ufpel.edu.br\/faem\/files\/2023\/03\/WhatsApp-Image-2023-03-31-at-19.18.09-1.jpeg 900w\" sizes=\"(max-width: 225px) 100vw, 225px\" \/><\/a><\/p>\n<p>&nbsp;<\/p>\n","protected":false},"excerpt":{"rendered":"<p>Nos dias 4 a 6 de abril de 2023, ocorre no audit\u00f3rio da Faculdade de Agronomia Eliseu Maciel, a XLII Reuni\u00e3o da Comiss\u00e3o Brasileira de Pesquisa de Aveia. A Reuni\u00e3o, que ocorre de forma anual itinerante, tem a FAEM\/UFPel como organizadora pela sexta vez, seguindo 2000, 2004, 2008, 2013 e 2016. O grupo de pesquisa [&hellip;]<\/p>\n","protected":false},"author":235,"featured_media":0,"comment_status":"closed","ping_status":"closed","sticky":false,"template":"","format":"standard","meta":{"_jetpack_memberships_contains_paid_content":false,"footnotes":""},"categories":[18],"tags":[],"class_list":["post-4589","post","type-post","status-publish","format-standard","hentry","category-sem-categoria"],"jetpack_featured_media_url":"","jetpack_sharing_enabled":true,"_links":{"self":[{"href":"https:\/\/wp.ufpel.edu.br\/faem\/wp-json\/wp\/v2\/posts\/4589","targetHints":{"allow":["GET"]}}],"collection":[{"href":"https:\/\/wp.ufpel.edu.br\/faem\/wp-json\/wp\/v2\/posts"}],"about":[{"href":"https:\/\/wp.ufpel.edu.br\/faem\/wp-json\/wp\/v2\/types\/post"}],"author":[{"embeddable":true,"href":"https:\/\/wp.ufpel.edu.br\/faem\/wp-json\/wp\/v2\/users\/235"}],"replies":[{"embeddable":true,"href":"https:\/\/wp.ufpel.edu.br\/faem\/wp-json\/wp\/v2\/comments?post=4589"}],"version-history":[{"count":2,"href":"https:\/\/wp.ufpel.edu.br\/faem\/wp-json\/wp\/v2\/posts\/4589\/revisions"}],"predecessor-version":[{"id":4596,"href":"https:\/\/wp.ufpel.edu.br\/faem\/wp-json\/wp\/v2\/posts\/4589\/revisions\/4596"}],"wp:attachment":[{"href":"https:\/\/wp.ufpel.edu.br\/faem\/wp-json\/wp\/v2\/media?parent=4589"}],"wp:term":[{"taxonomy":"category","embeddable":true,"href":"https:\/\/wp.ufpel.edu.br\/faem\/wp-json\/wp\/v2\/categories?post=4589"},{"taxonomy":"post_tag","embeddable":true,"href":"https:\/\/wp.ufpel.edu.br\/faem\/wp-json\/wp\/v2\/tags?post=4589"}],"curies":[{"name":"wp","href":"https:\/\/api.w.org\/{rel}","templated":true}]}}