{"id":4048,"date":"2022-08-15T09:50:28","date_gmt":"2022-08-15T12:50:28","guid":{"rendered":"https:\/\/wp.ufpel.edu.br\/faem\/?p=4048"},"modified":"2022-08-15T09:51:23","modified_gmt":"2022-08-15T12:51:23","slug":"diretor-da-faem-e-agraciado-com-o-premio-o-futuro-da-terra","status":"publish","type":"post","link":"https:\/\/wp.ufpel.edu.br\/faem\/2022\/08\/15\/diretor-da-faem-e-agraciado-com-o-premio-o-futuro-da-terra\/","title":{"rendered":"Diretor da FAEM \u00e9 agraciado com o pr\u00eamio O Futuro da Terra"},"content":{"rendered":"<p>Entre os condecorados com o pr\u00eamio\u00a0<b>O Futuro da Terra<\/b>, da Funda\u00e7\u00e3o de Amparo \u00e0 Pesquisa do Estado do Rio Grande do Sul (<a href=\"https:\/\/fapergs.rs.gov.br\/inicial\" target=\"_blank\" rel=\"noopener\">Fapergs<\/a>) em parceria com O Jornal do Com\u00e9rcio, est\u00e3o dois docentes da\u00a0<strong>Universidade Federal de Pelotas<\/strong> (UFPel). A distin\u00e7\u00e3o, que valoriza pesquisas voltadas ao desenvolvimento agr\u00edcola no Estado, ser\u00e1 entregue durante a\u00a0<a href=\"https:\/\/www.expointer.rs.gov.br\/inicial\" target=\"_blank\" rel=\"noopener\">45\u00aa Expointer<\/a>, em 29 de agosto, em Esteio\/RS.<\/p>\n<p>O diretor da <a href=\"https:\/\/wp.ufpel.edu.br\/faem\/\">Faculdade de Agronomia\u00a0Eliseu Maciel (Faem)<\/a>, da <a href=\"https:\/\/wp.ufpel.edu.br\/\">UFPel<\/a>, Dirceu Agostinetto, receber\u00e1 a distin\u00e7\u00e3o no segmento \u201cCadeia de Produ\u00e7\u00e3o e Alternativas Agr\u00edcolas\u201d. O pesquisador desenvolve h\u00e1 17 anos as suas atividades na UFPel, na gradua\u00e7\u00e3o em Agronomia e nas p\u00f3s-gradua\u00e7\u00f5es em\u00a0<a href=\"https:\/\/wp.ufpel.edu.br\/ppgfs\/\" target=\"_blank\" rel=\"noopener\">Fitossanidade<\/a>\u00a0e em\u00a0<a href=\"https:\/\/wp.ufpel.edu.br\/ppgcts\/\" target=\"_blank\" rel=\"noopener\">Ci\u00eancia e Tecnologia de Sementes<\/a>. Os seus interesses pesquisa est\u00e3o centrados na herbologia e no manejo de plantas daninhas, com vistas \u00e0 sustentabilidade da produ\u00e7\u00e3o agr\u00edcola.<\/p>\n<p>Conforme o docente, a premia\u00e7\u00e3o serve como reconhecimento ao trabalho j\u00e1 realizado e \u201cest\u00edmulo \u00e0 pesquisa e \u00e0 forma\u00e7\u00e3o de pessoas com qualidade nos Programas de P\u00f3s-Gradua\u00e7\u00e3o\u201d da Faem\/UFPel. Ap\u00f3s mais de 20 orienta\u00e7\u00f5es de doutorado, relata, os egressos da UFPel passaram a atuar proeminentemente em \u00f3rg\u00e3os e institui\u00e7\u00f5es p\u00fablicas de ensino e pesquisa, retornando \u00e0 sociedade o aprendizado cient\u00edfico na UFPel.<\/p>\n<p><span style=\"font-size: 8pt;\">Fonte: CCS\/UFPel<\/span><\/p>\n","protected":false},"excerpt":{"rendered":"<p>Entre os condecorados com o pr\u00eamio\u00a0O Futuro da Terra, da Funda\u00e7\u00e3o de Amparo \u00e0 Pesquisa do Estado do Rio Grande do Sul (Fapergs) em parceria com O Jornal do Com\u00e9rcio, est\u00e3o dois docentes da\u00a0Universidade Federal de Pelotas (UFPel). A distin\u00e7\u00e3o, que valoriza pesquisas voltadas ao desenvolvimento agr\u00edcola no Estado, ser\u00e1 entregue durante a\u00a045\u00aa Expointer, em [&hellip;]<\/p>\n","protected":false},"author":235,"featured_media":0,"comment_status":"closed","ping_status":"closed","sticky":false,"template":"","format":"standard","meta":{"_jetpack_newsletter_access":"","_jetpack_dont_email_post_to_subs":false,"_jetpack_newsletter_tier_id":0,"_jetpack_memberships_contains_paywalled_content":false,"_jetpack_feature_clip_id":0,"_jetpack_memberships_contains_paid_content":false,"footnotes":"","jetpack_post_was_ever_published":false},"categories":[18],"tags":[],"class_list":["post-4048","post","type-post","status-publish","format-standard","hentry","category-sem-categoria"],"jetpack_featured_media_url":"","jetpack_sharing_enabled":true,"_links":{"self":[{"href":"https:\/\/wp.ufpel.edu.br\/faem\/wp-json\/wp\/v2\/posts\/4048","targetHints":{"allow":["GET"]}}],"collection":[{"href":"https:\/\/wp.ufpel.edu.br\/faem\/wp-json\/wp\/v2\/posts"}],"about":[{"href":"https:\/\/wp.ufpel.edu.br\/faem\/wp-json\/wp\/v2\/types\/post"}],"author":[{"embeddable":true,"href":"https:\/\/wp.ufpel.edu.br\/faem\/wp-json\/wp\/v2\/users\/235"}],"replies":[{"embeddable":true,"href":"https:\/\/wp.ufpel.edu.br\/faem\/wp-json\/wp\/v2\/comments?post=4048"}],"version-history":[{"count":2,"href":"https:\/\/wp.ufpel.edu.br\/faem\/wp-json\/wp\/v2\/posts\/4048\/revisions"}],"predecessor-version":[{"id":4051,"href":"https:\/\/wp.ufpel.edu.br\/faem\/wp-json\/wp\/v2\/posts\/4048\/revisions\/4051"}],"wp:attachment":[{"href":"https:\/\/wp.ufpel.edu.br\/faem\/wp-json\/wp\/v2\/media?parent=4048"}],"wp:term":[{"taxonomy":"category","embeddable":true,"href":"https:\/\/wp.ufpel.edu.br\/faem\/wp-json\/wp\/v2\/categories?post=4048"},{"taxonomy":"post_tag","embeddable":true,"href":"https:\/\/wp.ufpel.edu.br\/faem\/wp-json\/wp\/v2\/tags?post=4048"}],"curies":[{"name":"wp","href":"https:\/\/api.w.org\/{rel}","templated":true}]}}