{"id":4043,"date":"2022-08-13T20:09:29","date_gmt":"2022-08-13T23:09:29","guid":{"rendered":"https:\/\/wp.ufpel.edu.br\/faem\/?p=4043"},"modified":"2022-08-13T20:12:32","modified_gmt":"2022-08-13T23:12:32","slug":"dia-dos-pais","status":"publish","type":"post","link":"https:\/\/wp.ufpel.edu.br\/faem\/2022\/08\/13\/dia-dos-pais\/","title":{"rendered":"Dia dos Pais"},"content":{"rendered":"<p class=\"texto\">No Brasil,<strong>\u00a0a origem da comemora\u00e7\u00e3o do Dia dos Pais \u00e9 de 1953<\/strong>, quando o publicit\u00e1rio Sylvio Bhering, com o objetivo de celebrar a figura paterna e atrair anunciantes para os meios de comunica\u00e7\u00e3o escolheu o <strong>Dia de S\u00e3o Joaquim <\/strong>(26 de julho) para celebrar a data. S\u00e3o Joaquim \u00e9 considerado o patriarca da fam\u00edlia, por ser pai de Maria e av\u00f4 de Jesus Cristo.<\/p>\n<p class=\"texto\">Por\u00e9m, por motivos comerciais,\u00a0a comemora\u00e7\u00e3o foi transferida para o segundo domingo de agosto. Algumas fontes dizem que a mudan\u00e7a se deu por causa do\u00a0<strong>Dia das M\u00e3es,<\/strong>\u00a0que \u00e9\u00a0no segundo domingo de maio, mas outros que era para celebrar\u00a0sempre aos domingos, dia em que a maioria dos pais est\u00e3o de folga.<\/p>\n<p>Portanto, hoje \u00e9 dia de celebrar.\u00a0 Alguns her\u00f3is n\u00e3o t\u00eam capas, eles s\u00e3o apenas chamados de pais. Pai \u00e9 aquele que educa, que transmite a seguran\u00e7a, que faz carinho e corrige os erros para que n\u00e3o se tornem v\u00edcios.<\/p>\n<p>Desejamos muitas felicidades a todos os pais, em especial para aqueles que fazem parte da comunidade da FAEM.<a href=\"https:\/\/wp.ufpel.edu.br\/faem\/files\/2022\/08\/IMG_4278.jpg\"><img class=\"alignnone size-medium wp-image-4042\" src=\"https:\/\/wp.ufpel.edu.br\/faem\/files\/2022\/08\/IMG_4278-400x237.jpg\" alt=\"\" width=\"400\" height=\"237\" srcset=\"https:\/\/wp.ufpel.edu.br\/faem\/files\/2022\/08\/IMG_4278-400x237.jpg 400w, https:\/\/wp.ufpel.edu.br\/faem\/files\/2022\/08\/IMG_4278.jpg 720w\" sizes=\"(max-width: 400px) 100vw, 400px\" \/><\/a><\/p>\n","protected":false},"excerpt":{"rendered":"<p>No Brasil,\u00a0a origem da comemora\u00e7\u00e3o do Dia dos Pais \u00e9 de 1953, quando o publicit\u00e1rio Sylvio Bhering, com o objetivo de celebrar a figura paterna e atrair anunciantes para os meios de comunica\u00e7\u00e3o escolheu o Dia de S\u00e3o Joaquim (26 de julho) para celebrar a data. S\u00e3o Joaquim \u00e9 considerado o patriarca da fam\u00edlia, por [&hellip;]<\/p>\n","protected":false},"author":235,"featured_media":0,"comment_status":"closed","ping_status":"closed","sticky":false,"template":"","format":"standard","meta":{"_jetpack_memberships_contains_paid_content":false,"footnotes":""},"categories":[18],"tags":[],"class_list":["post-4043","post","type-post","status-publish","format-standard","hentry","category-sem-categoria"],"jetpack_featured_media_url":"","jetpack_sharing_enabled":true,"_links":{"self":[{"href":"https:\/\/wp.ufpel.edu.br\/faem\/wp-json\/wp\/v2\/posts\/4043","targetHints":{"allow":["GET"]}}],"collection":[{"href":"https:\/\/wp.ufpel.edu.br\/faem\/wp-json\/wp\/v2\/posts"}],"about":[{"href":"https:\/\/wp.ufpel.edu.br\/faem\/wp-json\/wp\/v2\/types\/post"}],"author":[{"embeddable":true,"href":"https:\/\/wp.ufpel.edu.br\/faem\/wp-json\/wp\/v2\/users\/235"}],"replies":[{"embeddable":true,"href":"https:\/\/wp.ufpel.edu.br\/faem\/wp-json\/wp\/v2\/comments?post=4043"}],"version-history":[{"count":3,"href":"https:\/\/wp.ufpel.edu.br\/faem\/wp-json\/wp\/v2\/posts\/4043\/revisions"}],"predecessor-version":[{"id":4047,"href":"https:\/\/wp.ufpel.edu.br\/faem\/wp-json\/wp\/v2\/posts\/4043\/revisions\/4047"}],"wp:attachment":[{"href":"https:\/\/wp.ufpel.edu.br\/faem\/wp-json\/wp\/v2\/media?parent=4043"}],"wp:term":[{"taxonomy":"category","embeddable":true,"href":"https:\/\/wp.ufpel.edu.br\/faem\/wp-json\/wp\/v2\/categories?post=4043"},{"taxonomy":"post_tag","embeddable":true,"href":"https:\/\/wp.ufpel.edu.br\/faem\/wp-json\/wp\/v2\/tags?post=4043"}],"curies":[{"name":"wp","href":"https:\/\/api.w.org\/{rel}","templated":true}]}}