{"id":3920,"date":"2022-06-10T08:21:06","date_gmt":"2022-06-10T11:21:06","guid":{"rendered":"https:\/\/wp.ufpel.edu.br\/faem\/?p=3920"},"modified":"2022-06-10T08:22:52","modified_gmt":"2022-06-10T11:22:52","slug":"formatura-mes-de-junho","status":"publish","type":"post","link":"https:\/\/wp.ufpel.edu.br\/faem\/2022\/06\/10\/formatura-mes-de-junho\/","title":{"rendered":"Formatura m\u00eas de Junho"},"content":{"rendered":"<p>Aconteceu no dia 09 de junho cerim\u00f4nia interna de cola\u00e7\u00e3o de grau dos seguintes Engenheiros\/as Agr\u00f4nomos\/as.<\/p>\n<p style=\"font-weight: 400;\">Formandos:<\/p>\n<p>CRISTINA HAX SAALFELD 2021\/01<\/p>\n<p>LUIZ OT\u00c1VIO CEOLIN POLO 2021\/01<\/p>\n<p>THAIS H\u00dcBNER 2021\/01<\/p>\n<p>NILTON C\u00c9SAR MARQUES J\u00daNIOR 2021\/01<\/p>\n<p>&nbsp;<\/p>\n<p>Desejamos a todos muito sucesso na sua vida profissional e pessoal.<\/p>\n","protected":false},"excerpt":{"rendered":"<p>Aconteceu no dia 09 de junho cerim\u00f4nia interna de cola\u00e7\u00e3o de grau dos seguintes Engenheiros\/as Agr\u00f4nomos\/as. Formandos: CRISTINA HAX SAALFELD 2021\/01 LUIZ OT\u00c1VIO CEOLIN POLO 2021\/01 THAIS H\u00dcBNER 2021\/01 NILTON C\u00c9SAR MARQUES J\u00daNIOR 2021\/01 &nbsp; Desejamos a todos muito sucesso na sua vida profissional e pessoal.<\/p>\n","protected":false},"author":235,"featured_media":0,"comment_status":"closed","ping_status":"closed","sticky":false,"template":"","format":"standard","meta":{"_jetpack_memberships_contains_paid_content":false,"footnotes":""},"categories":[18],"tags":[],"class_list":["post-3920","post","type-post","status-publish","format-standard","hentry","category-sem-categoria"],"jetpack_featured_media_url":"","jetpack_sharing_enabled":true,"_links":{"self":[{"href":"https:\/\/wp.ufpel.edu.br\/faem\/wp-json\/wp\/v2\/posts\/3920","targetHints":{"allow":["GET"]}}],"collection":[{"href":"https:\/\/wp.ufpel.edu.br\/faem\/wp-json\/wp\/v2\/posts"}],"about":[{"href":"https:\/\/wp.ufpel.edu.br\/faem\/wp-json\/wp\/v2\/types\/post"}],"author":[{"embeddable":true,"href":"https:\/\/wp.ufpel.edu.br\/faem\/wp-json\/wp\/v2\/users\/235"}],"replies":[{"embeddable":true,"href":"https:\/\/wp.ufpel.edu.br\/faem\/wp-json\/wp\/v2\/comments?post=3920"}],"version-history":[{"count":1,"href":"https:\/\/wp.ufpel.edu.br\/faem\/wp-json\/wp\/v2\/posts\/3920\/revisions"}],"predecessor-version":[{"id":3922,"href":"https:\/\/wp.ufpel.edu.br\/faem\/wp-json\/wp\/v2\/posts\/3920\/revisions\/3922"}],"wp:attachment":[{"href":"https:\/\/wp.ufpel.edu.br\/faem\/wp-json\/wp\/v2\/media?parent=3920"}],"wp:term":[{"taxonomy":"category","embeddable":true,"href":"https:\/\/wp.ufpel.edu.br\/faem\/wp-json\/wp\/v2\/categories?post=3920"},{"taxonomy":"post_tag","embeddable":true,"href":"https:\/\/wp.ufpel.edu.br\/faem\/wp-json\/wp\/v2\/tags?post=3920"}],"curies":[{"name":"wp","href":"https:\/\/api.w.org\/{rel}","templated":true}]}}