{"id":3656,"date":"2022-03-18T08:54:31","date_gmt":"2022-03-18T11:54:31","guid":{"rendered":"https:\/\/wp.ufpel.edu.br\/faem\/?p=3656"},"modified":"2022-03-18T08:54:31","modified_gmt":"2022-03-18T11:54:31","slug":"dia-de-campo-virtual-permanecera-disponivel","status":"publish","type":"post","link":"https:\/\/wp.ufpel.edu.br\/faem\/2022\/03\/18\/dia-de-campo-virtual-permanecera-disponivel\/","title":{"rendered":"Dia de campo virtual  permanecer\u00e1 dispon\u00edvel"},"content":{"rendered":"<p>Se voc\u00ea n\u00e3o teve oportunidade de participar no dia de campo modalidade presencial virtual, saiba que \u00e9 poss\u00edvel acessar e assistir a vers\u00e3o virtual, basta <a href=\"https:\/\/www.youtube.com\/watch?v=c1GuAakSBGA\">CLICAR AQUI.<\/a><\/p>\n<p>A apresenta\u00e7\u00e3o realizada na noite do dia 17 de fevereiro de 2022 alcan\u00e7ou 250 participantes assistindo simultaneamente. Os participantes puderam interagir com os apresentadores enviando coment\u00e1rios e questionamentos no &#8220;chat&#8221;.\u00a0 O grande n\u00famero de visualiza\u00e7\u00f5es, que no momento da postagem j\u00e1 passa de 400 visualiza\u00e7\u00f5es demonstrando o grande alcance desta ferramenta.<\/p>\n","protected":false},"excerpt":{"rendered":"<p>Se voc\u00ea n\u00e3o teve oportunidade de participar no dia de campo modalidade presencial virtual, saiba que \u00e9 poss\u00edvel acessar e assistir a vers\u00e3o virtual, basta CLICAR AQUI. A apresenta\u00e7\u00e3o realizada na noite do dia 17 de fevereiro de 2022 alcan\u00e7ou 250 participantes assistindo simultaneamente. Os participantes puderam interagir com os apresentadores enviando coment\u00e1rios e questionamentos [&hellip;]<\/p>\n","protected":false},"author":235,"featured_media":0,"comment_status":"closed","ping_status":"closed","sticky":false,"template":"","format":"standard","meta":{"_jetpack_memberships_contains_paid_content":false,"footnotes":""},"categories":[18],"tags":[],"class_list":["post-3656","post","type-post","status-publish","format-standard","hentry","category-sem-categoria"],"jetpack_featured_media_url":"","jetpack_sharing_enabled":true,"_links":{"self":[{"href":"https:\/\/wp.ufpel.edu.br\/faem\/wp-json\/wp\/v2\/posts\/3656","targetHints":{"allow":["GET"]}}],"collection":[{"href":"https:\/\/wp.ufpel.edu.br\/faem\/wp-json\/wp\/v2\/posts"}],"about":[{"href":"https:\/\/wp.ufpel.edu.br\/faem\/wp-json\/wp\/v2\/types\/post"}],"author":[{"embeddable":true,"href":"https:\/\/wp.ufpel.edu.br\/faem\/wp-json\/wp\/v2\/users\/235"}],"replies":[{"embeddable":true,"href":"https:\/\/wp.ufpel.edu.br\/faem\/wp-json\/wp\/v2\/comments?post=3656"}],"version-history":[{"count":1,"href":"https:\/\/wp.ufpel.edu.br\/faem\/wp-json\/wp\/v2\/posts\/3656\/revisions"}],"predecessor-version":[{"id":3658,"href":"https:\/\/wp.ufpel.edu.br\/faem\/wp-json\/wp\/v2\/posts\/3656\/revisions\/3658"}],"wp:attachment":[{"href":"https:\/\/wp.ufpel.edu.br\/faem\/wp-json\/wp\/v2\/media?parent=3656"}],"wp:term":[{"taxonomy":"category","embeddable":true,"href":"https:\/\/wp.ufpel.edu.br\/faem\/wp-json\/wp\/v2\/categories?post=3656"},{"taxonomy":"post_tag","embeddable":true,"href":"https:\/\/wp.ufpel.edu.br\/faem\/wp-json\/wp\/v2\/tags?post=3656"}],"curies":[{"name":"wp","href":"https:\/\/api.w.org\/{rel}","templated":true}]}}