{"id":3611,"date":"2022-03-11T11:05:45","date_gmt":"2022-03-11T14:05:45","guid":{"rendered":"https:\/\/wp.ufpel.edu.br\/faem\/?p=3611"},"modified":"2022-03-11T11:27:28","modified_gmt":"2022-03-11T14:27:28","slug":"alunos-e-docentes-da-faem-participam-da-expodireto","status":"publish","type":"post","link":"https:\/\/wp.ufpel.edu.br\/faem\/2022\/03\/11\/alunos-e-docentes-da-faem-participam-da-expodireto\/","title":{"rendered":"Alunos e Docentes da FAEM participam da EXPODIRETO"},"content":{"rendered":"<p>A Expodireto \u00e9 uma das maiores e mais tradicionais feiras do agroneg\u00f3cio Brasileiro. Tem foco em\u00a0 tecnologia e\u00a0 contribui de forma decisiva para o desenvolvimento do setor como um todo. Durante o evento\u00a0 conhecimento,\u00a0 informa\u00e7\u00f5es,\u00a0 tecnologia consagrada e sacramentada nos \u00f3rg\u00e3os de pesquisa ou nas empresas privadas, s\u00e3o apresentadas tornando-se parte de importantes debates ligados ao meio rural.<\/p>\n<p>Visando conferir em loco as grandes inova\u00e7\u00f5es e tend\u00eancias do setor, diversos Professores e Estudantes da FAEM participaram do evento. A FAEM\/UFPel incentivou a participa\u00e7\u00e3o nesta importante feira<\/p>\n<p><a href=\"https:\/\/wp.ufpel.edu.br\/faem\/files\/2022\/03\/WhatsApp-Image-2022-03-10-at-14.17.24.jpeg\"><img class=\"alignnone size-medium wp-image-3622\" src=\"https:\/\/wp.ufpel.edu.br\/faem\/files\/2022\/03\/WhatsApp-Image-2022-03-10-at-14.17.24-400x225.jpeg\" alt=\"\" width=\"400\" height=\"225\" srcset=\"https:\/\/wp.ufpel.edu.br\/faem\/files\/2022\/03\/WhatsApp-Image-2022-03-10-at-14.17.24-400x225.jpeg 400w, https:\/\/wp.ufpel.edu.br\/faem\/files\/2022\/03\/WhatsApp-Image-2022-03-10-at-14.17.24-1024x576.jpeg 1024w, https:\/\/wp.ufpel.edu.br\/faem\/files\/2022\/03\/WhatsApp-Image-2022-03-10-at-14.17.24-768x432.jpeg 768w, https:\/\/wp.ufpel.edu.br\/faem\/files\/2022\/03\/WhatsApp-Image-2022-03-10-at-14.17.24-1536x864.jpeg 1536w, https:\/\/wp.ufpel.edu.br\/faem\/files\/2022\/03\/WhatsApp-Image-2022-03-10-at-14.17.24.jpeg 1600w\" sizes=\"(max-width: 400px) 100vw, 400px\" \/><\/a><\/p>\n<p>Parte da delega\u00e7\u00e3o da FAEM na chegada \u00e0 EXPODIRETO<\/p>\n<p>&nbsp;<\/p>\n","protected":false},"excerpt":{"rendered":"<p>A Expodireto \u00e9 uma das maiores e mais tradicionais feiras do agroneg\u00f3cio Brasileiro. Tem foco em\u00a0 tecnologia e\u00a0 contribui de forma decisiva para o desenvolvimento do setor como um todo. Durante o evento\u00a0 conhecimento,\u00a0 informa\u00e7\u00f5es,\u00a0 tecnologia consagrada e sacramentada nos \u00f3rg\u00e3os de pesquisa ou nas empresas privadas, s\u00e3o apresentadas tornando-se parte de importantes debates ligados [&hellip;]<\/p>\n","protected":false},"author":235,"featured_media":0,"comment_status":"closed","ping_status":"closed","sticky":false,"template":"","format":"standard","meta":{"_jetpack_memberships_contains_paid_content":false,"footnotes":""},"categories":[18],"tags":[],"class_list":["post-3611","post","type-post","status-publish","format-standard","hentry","category-sem-categoria"],"jetpack_featured_media_url":"","jetpack_sharing_enabled":true,"_links":{"self":[{"href":"https:\/\/wp.ufpel.edu.br\/faem\/wp-json\/wp\/v2\/posts\/3611","targetHints":{"allow":["GET"]}}],"collection":[{"href":"https:\/\/wp.ufpel.edu.br\/faem\/wp-json\/wp\/v2\/posts"}],"about":[{"href":"https:\/\/wp.ufpel.edu.br\/faem\/wp-json\/wp\/v2\/types\/post"}],"author":[{"embeddable":true,"href":"https:\/\/wp.ufpel.edu.br\/faem\/wp-json\/wp\/v2\/users\/235"}],"replies":[{"embeddable":true,"href":"https:\/\/wp.ufpel.edu.br\/faem\/wp-json\/wp\/v2\/comments?post=3611"}],"version-history":[{"count":4,"href":"https:\/\/wp.ufpel.edu.br\/faem\/wp-json\/wp\/v2\/posts\/3611\/revisions"}],"predecessor-version":[{"id":3623,"href":"https:\/\/wp.ufpel.edu.br\/faem\/wp-json\/wp\/v2\/posts\/3611\/revisions\/3623"}],"wp:attachment":[{"href":"https:\/\/wp.ufpel.edu.br\/faem\/wp-json\/wp\/v2\/media?parent=3611"}],"wp:term":[{"taxonomy":"category","embeddable":true,"href":"https:\/\/wp.ufpel.edu.br\/faem\/wp-json\/wp\/v2\/categories?post=3611"},{"taxonomy":"post_tag","embeddable":true,"href":"https:\/\/wp.ufpel.edu.br\/faem\/wp-json\/wp\/v2\/tags?post=3611"}],"curies":[{"name":"wp","href":"https:\/\/api.w.org\/{rel}","templated":true}]}}