{"id":3608,"date":"2022-03-09T15:37:40","date_gmt":"2022-03-09T18:37:40","guid":{"rendered":"https:\/\/wp.ufpel.edu.br\/faem\/?p=3608"},"modified":"2022-03-09T15:37:40","modified_gmt":"2022-03-09T18:37:40","slug":"transporte-circular-de-apoio-da-ufpel-para-o-campus-capao-do-leao-tera-trajeto-alterado-temporariamente","status":"publish","type":"post","link":"https:\/\/wp.ufpel.edu.br\/faem\/2022\/03\/09\/transporte-circular-de-apoio-da-ufpel-para-o-campus-capao-do-leao-tera-trajeto-alterado-temporariamente\/","title":{"rendered":"Transporte Circular de Apoio da UFPel para o Campus Cap\u00e3o do Le\u00e3o ter\u00e1 trajeto alterado temporariamente"},"content":{"rendered":"<p>A linha Campus Cap\u00e3o do Le\u00e3o, do Transporte Circular de Apoio da UFPel, ter\u00e1 uma altera\u00e7\u00e3o tempor\u00e1ria em seu trajeto.\u00a0 A partir desta quarta-feira (9), os ve\u00edculos ter\u00e3o de efetuar seu deslocamento atrav\u00e9s da avenida Cidade de Lisboa, aumentando seu trajeto.<\/p>\n<p>A mudan\u00e7a se d\u00e1 devido a obras no trevo de acesso \u00e0s avenidas Duque de Caxias e Tr\u00eas de Maio, junto \u00e0 rodovia BR-392. A previs\u00e3o \u00e9 que o itiner\u00e1rio volte ao seu percurso regular na pr\u00f3xima segunda-feira (14).<\/p>\n<p>Alertamos que al\u00e9m da linha de \u00f4nibus, o tr\u00e2nsito do local pode sofrer altera\u00e7\u00f5es e bloqueios no per\u00edodo, por isso solicitamos aten\u00e7\u00e3o e cuidado a todos.<\/p>\n","protected":false},"excerpt":{"rendered":"<p>A linha Campus Cap\u00e3o do Le\u00e3o, do Transporte Circular de Apoio da UFPel, ter\u00e1 uma altera\u00e7\u00e3o tempor\u00e1ria em seu trajeto.\u00a0 A partir desta quarta-feira (9), os ve\u00edculos ter\u00e3o de efetuar seu deslocamento atrav\u00e9s da avenida Cidade de Lisboa, aumentando seu trajeto. A mudan\u00e7a se d\u00e1 devido a obras no trevo de acesso \u00e0s avenidas Duque [&hellip;]<\/p>\n","protected":false},"author":235,"featured_media":0,"comment_status":"closed","ping_status":"closed","sticky":false,"template":"","format":"standard","meta":{"_jetpack_memberships_contains_paid_content":false,"footnotes":""},"categories":[18],"tags":[],"class_list":["post-3608","post","type-post","status-publish","format-standard","hentry","category-sem-categoria"],"jetpack_featured_media_url":"","jetpack_sharing_enabled":true,"_links":{"self":[{"href":"https:\/\/wp.ufpel.edu.br\/faem\/wp-json\/wp\/v2\/posts\/3608","targetHints":{"allow":["GET"]}}],"collection":[{"href":"https:\/\/wp.ufpel.edu.br\/faem\/wp-json\/wp\/v2\/posts"}],"about":[{"href":"https:\/\/wp.ufpel.edu.br\/faem\/wp-json\/wp\/v2\/types\/post"}],"author":[{"embeddable":true,"href":"https:\/\/wp.ufpel.edu.br\/faem\/wp-json\/wp\/v2\/users\/235"}],"replies":[{"embeddable":true,"href":"https:\/\/wp.ufpel.edu.br\/faem\/wp-json\/wp\/v2\/comments?post=3608"}],"version-history":[{"count":1,"href":"https:\/\/wp.ufpel.edu.br\/faem\/wp-json\/wp\/v2\/posts\/3608\/revisions"}],"predecessor-version":[{"id":3610,"href":"https:\/\/wp.ufpel.edu.br\/faem\/wp-json\/wp\/v2\/posts\/3608\/revisions\/3610"}],"wp:attachment":[{"href":"https:\/\/wp.ufpel.edu.br\/faem\/wp-json\/wp\/v2\/media?parent=3608"}],"wp:term":[{"taxonomy":"category","embeddable":true,"href":"https:\/\/wp.ufpel.edu.br\/faem\/wp-json\/wp\/v2\/categories?post=3608"},{"taxonomy":"post_tag","embeddable":true,"href":"https:\/\/wp.ufpel.edu.br\/faem\/wp-json\/wp\/v2\/tags?post=3608"}],"curies":[{"name":"wp","href":"https:\/\/api.w.org\/{rel}","templated":true}]}}