{"id":3601,"date":"2022-03-05T10:15:54","date_gmt":"2022-03-05T13:15:54","guid":{"rendered":"https:\/\/wp.ufpel.edu.br\/faem\/?p=3601"},"modified":"2022-03-05T10:17:05","modified_gmt":"2022-03-05T13:17:05","slug":"inicio-do-semestre-mensagem-do-colegiado-da-agronomia-e-direcao-da-faem","status":"publish","type":"post","link":"https:\/\/wp.ufpel.edu.br\/faem\/2022\/03\/05\/inicio-do-semestre-mensagem-do-colegiado-da-agronomia-e-direcao-da-faem\/","title":{"rendered":"Inicio do Semestre: Mensagem do Colegiado da Agronomia e Dire\u00e7\u00e3o da FAEM"},"content":{"rendered":"<p>Ol\u00e1 pessoal!<\/p>\n<p>Estamos passando aqui para dar boas vindas aos calouros e veteranos do Curso de Agronomia da FAEM. Teremos ainda, na sua maioria, aulas remotas por causa das restri\u00e7\u00f5es de COVID-19. \u00c9 importante que voc\u00eas participem nas aulas com perguntas para tornar o ambiente mais interessante para todos, alunos e professores. Esperamos que este seja o \u00faltimo semestre de forma ainda n\u00e3o totalmente presencial, e lembramos \u00e0 todos de colocar o comprovante de vacina\u00e7\u00e3o no Cobalto com a maior urg\u00eancia. Bom semestre \u00e0 todos.<\/p>\n<p>Dire\u00e7\u00e3o da FAEM e Colegiado do Curso de Agronomia<\/p>\n","protected":false},"excerpt":{"rendered":"<p>Ol\u00e1 pessoal! Estamos passando aqui para dar boas vindas aos calouros e veteranos do Curso de Agronomia da FAEM. Teremos ainda, na sua maioria, aulas remotas por causa das restri\u00e7\u00f5es de COVID-19. \u00c9 importante que voc\u00eas participem nas aulas com perguntas para tornar o ambiente mais interessante para todos, alunos e professores. Esperamos que este [&hellip;]<\/p>\n","protected":false},"author":235,"featured_media":0,"comment_status":"closed","ping_status":"closed","sticky":false,"template":"","format":"standard","meta":{"_jetpack_memberships_contains_paid_content":false,"footnotes":""},"categories":[18],"tags":[],"class_list":["post-3601","post","type-post","status-publish","format-standard","hentry","category-sem-categoria"],"jetpack_featured_media_url":"","jetpack_sharing_enabled":true,"_links":{"self":[{"href":"https:\/\/wp.ufpel.edu.br\/faem\/wp-json\/wp\/v2\/posts\/3601","targetHints":{"allow":["GET"]}}],"collection":[{"href":"https:\/\/wp.ufpel.edu.br\/faem\/wp-json\/wp\/v2\/posts"}],"about":[{"href":"https:\/\/wp.ufpel.edu.br\/faem\/wp-json\/wp\/v2\/types\/post"}],"author":[{"embeddable":true,"href":"https:\/\/wp.ufpel.edu.br\/faem\/wp-json\/wp\/v2\/users\/235"}],"replies":[{"embeddable":true,"href":"https:\/\/wp.ufpel.edu.br\/faem\/wp-json\/wp\/v2\/comments?post=3601"}],"version-history":[{"count":1,"href":"https:\/\/wp.ufpel.edu.br\/faem\/wp-json\/wp\/v2\/posts\/3601\/revisions"}],"predecessor-version":[{"id":3603,"href":"https:\/\/wp.ufpel.edu.br\/faem\/wp-json\/wp\/v2\/posts\/3601\/revisions\/3603"}],"wp:attachment":[{"href":"https:\/\/wp.ufpel.edu.br\/faem\/wp-json\/wp\/v2\/media?parent=3601"}],"wp:term":[{"taxonomy":"category","embeddable":true,"href":"https:\/\/wp.ufpel.edu.br\/faem\/wp-json\/wp\/v2\/categories?post=3601"},{"taxonomy":"post_tag","embeddable":true,"href":"https:\/\/wp.ufpel.edu.br\/faem\/wp-json\/wp\/v2\/tags?post=3601"}],"curies":[{"name":"wp","href":"https:\/\/api.w.org\/{rel}","templated":true}]}}