{"id":2692,"date":"2019-05-27T09:49:34","date_gmt":"2019-05-27T12:49:34","guid":{"rendered":"https:\/\/wp.ufpel.edu.br\/faem\/?p=2692"},"modified":"2019-05-27T09:49:34","modified_gmt":"2019-05-27T12:49:34","slug":"nota-de-falecimento-2","status":"publish","type":"post","link":"https:\/\/wp.ufpel.edu.br\/faem\/2019\/05\/27\/nota-de-falecimento-2\/","title":{"rendered":"Nota de Falecimento"},"content":{"rendered":"<p>\u00c9 com grande pesar que comunico o falecimento do Acad\u00eamico de Biotecnologia, Jean Louzada, ocorrido na noite de s\u00e1bado, dia 25\/05\/19. O acad\u00eamico era estagi\u00e1rio do Centro de Gen\u00f4mica e Fitomelhoramento e era querido por todos os colegas. Um aluno respons\u00e1vel e cumpridor. Descanse em paz, a FAEM o acolheu, a FAEM sente a sua partida.<\/p>\n<p>Prof. Antonio Costa de Oliveira<\/p>\n","protected":false},"excerpt":{"rendered":"<p>\u00c9 com grande pesar que comunico o falecimento do Acad\u00eamico de Biotecnologia, Jean Louzada, ocorrido na noite de s\u00e1bado, dia 25\/05\/19. O acad\u00eamico era estagi\u00e1rio do Centro de Gen\u00f4mica e Fitomelhoramento e era querido por todos os colegas. Um aluno respons\u00e1vel e cumpridor. Descanse em paz, a FAEM o acolheu, a FAEM sente a sua [&hellip;]<\/p>\n","protected":false},"author":235,"featured_media":0,"comment_status":"closed","ping_status":"closed","sticky":false,"template":"","format":"standard","meta":{"_jetpack_memberships_contains_paid_content":false,"footnotes":""},"categories":[18],"tags":[],"class_list":["post-2692","post","type-post","status-publish","format-standard","hentry","category-sem-categoria"],"jetpack_featured_media_url":"","jetpack_sharing_enabled":true,"_links":{"self":[{"href":"https:\/\/wp.ufpel.edu.br\/faem\/wp-json\/wp\/v2\/posts\/2692","targetHints":{"allow":["GET"]}}],"collection":[{"href":"https:\/\/wp.ufpel.edu.br\/faem\/wp-json\/wp\/v2\/posts"}],"about":[{"href":"https:\/\/wp.ufpel.edu.br\/faem\/wp-json\/wp\/v2\/types\/post"}],"author":[{"embeddable":true,"href":"https:\/\/wp.ufpel.edu.br\/faem\/wp-json\/wp\/v2\/users\/235"}],"replies":[{"embeddable":true,"href":"https:\/\/wp.ufpel.edu.br\/faem\/wp-json\/wp\/v2\/comments?post=2692"}],"version-history":[{"count":1,"href":"https:\/\/wp.ufpel.edu.br\/faem\/wp-json\/wp\/v2\/posts\/2692\/revisions"}],"predecessor-version":[{"id":2694,"href":"https:\/\/wp.ufpel.edu.br\/faem\/wp-json\/wp\/v2\/posts\/2692\/revisions\/2694"}],"wp:attachment":[{"href":"https:\/\/wp.ufpel.edu.br\/faem\/wp-json\/wp\/v2\/media?parent=2692"}],"wp:term":[{"taxonomy":"category","embeddable":true,"href":"https:\/\/wp.ufpel.edu.br\/faem\/wp-json\/wp\/v2\/categories?post=2692"},{"taxonomy":"post_tag","embeddable":true,"href":"https:\/\/wp.ufpel.edu.br\/faem\/wp-json\/wp\/v2\/tags?post=2692"}],"curies":[{"name":"wp","href":"https:\/\/api.w.org\/{rel}","templated":true}]}}