{"id":1956,"date":"2018-06-05T13:58:48","date_gmt":"2018-06-05T16:58:48","guid":{"rendered":"https:\/\/wp.ufpel.edu.br\/faem\/?p=1956"},"modified":"2018-06-13T14:32:23","modified_gmt":"2018-06-13T17:32:23","slug":"cronograma-de-eventos-mes-de-junho-2018","status":"publish","type":"post","link":"https:\/\/wp.ufpel.edu.br\/faem\/2018\/06\/05\/cronograma-de-eventos-mes-de-junho-2018\/","title":{"rendered":"Cronograma de Eventos \u2013 M\u00eas De Junho 2018"},"content":{"rendered":"<p><strong>Data: 08\/06\/2018 \u2013 Departamento de Ci\u00eancias Sociais Agr\u00e1rias (DCSA)<\/strong><\/p>\n<p>&#8211; Projeto Rural em Imagens (Coordena\u00e7\u00e3o Prof. Dr. Flavio Sacco dos Anjos e Profa. Dra. Nadia Velleda Caldas);<\/p>\n<p>&nbsp;<\/p>\n<p><strong>Data: 16 e 17\/06\/2018 \u2013 CTG \u201cOs Carreteiros\u201d<\/strong><\/p>\n<p>Cavalgada do piquete Ferradura (Pelotas) (visita\u00e7\u00e3o ao CTG os \u201cCarreteiros) &#8211; Previs\u00e3o de chegada: 16 horas<\/p>\n<p>Recep\u00e7\u00e3o: FAEM &#8211; Jantar por ades\u00e3o<\/p>\n<p>Pernoite no CTG &#8211; acampamento<\/p>\n<p>(Coordena\u00e7\u00e3o Prof. Dr. Marcelo Barbosa Malgarim)<\/p>\n<p>&nbsp;<\/p>\n<p><strong>Data: 13\/06\/2018 \u2013 Departamento de Ci\u00eancias Sociais Agr\u00e1rias (DCSA)<\/strong><\/p>\n<p>&#8211; Projeto Identidades Rurais (Coordena\u00e7\u00e3o Prof. Dr D\u00e9cio Cotrim);<\/p>\n<p>&nbsp;<\/p>\n<p><strong>Data: 21\/06\/2018 \u2013 Departamento de Ci\u00eancias Sociais Agr\u00e1rias (DCSA)<\/strong><\/p>\n<p>&#8211; Apresenta\u00e7\u00e3o de atividades dos projetos, disciplinas, cursos de gradua\u00e7\u00e3o e p\u00f3s e disserta\u00e7\u00f5es geradas no DCSA nos \u00faltimos 5 anos;<\/p>\n<p>&nbsp;<\/p>\n<p><strong>Data: 28\/06\/2018 \u2013 Departamento de Ci\u00eancias Sociais Agr\u00e1rias (DCSA)<\/strong><\/p>\n<p>&#8211; Festa Junina;<\/p>\n","protected":false},"excerpt":{"rendered":"<p>Data: 08\/06\/2018 \u2013 Departamento de Ci\u00eancias Sociais Agr\u00e1rias (DCSA) &#8211; Projeto Rural em Imagens (Coordena\u00e7\u00e3o Prof. Dr. Flavio Sacco dos Anjos e Profa. Dra. Nadia Velleda Caldas); &nbsp; Data: 16 e 17\/06\/2018 \u2013 CTG \u201cOs Carreteiros\u201d Cavalgada do piquete Ferradura (Pelotas) (visita\u00e7\u00e3o ao CTG os \u201cCarreteiros) &#8211; Previs\u00e3o de chegada: 16 horas Recep\u00e7\u00e3o: FAEM &#8211; [&hellip;]<\/p>\n","protected":false},"author":235,"featured_media":0,"comment_status":"closed","ping_status":"closed","sticky":false,"template":"","format":"standard","meta":{"_jetpack_memberships_contains_paid_content":false,"footnotes":""},"categories":[18],"tags":[],"class_list":["post-1956","post","type-post","status-publish","format-standard","hentry","category-sem-categoria"],"jetpack_featured_media_url":"","jetpack_sharing_enabled":true,"_links":{"self":[{"href":"https:\/\/wp.ufpel.edu.br\/faem\/wp-json\/wp\/v2\/posts\/1956","targetHints":{"allow":["GET"]}}],"collection":[{"href":"https:\/\/wp.ufpel.edu.br\/faem\/wp-json\/wp\/v2\/posts"}],"about":[{"href":"https:\/\/wp.ufpel.edu.br\/faem\/wp-json\/wp\/v2\/types\/post"}],"author":[{"embeddable":true,"href":"https:\/\/wp.ufpel.edu.br\/faem\/wp-json\/wp\/v2\/users\/235"}],"replies":[{"embeddable":true,"href":"https:\/\/wp.ufpel.edu.br\/faem\/wp-json\/wp\/v2\/comments?post=1956"}],"version-history":[{"count":2,"href":"https:\/\/wp.ufpel.edu.br\/faem\/wp-json\/wp\/v2\/posts\/1956\/revisions"}],"predecessor-version":[{"id":2002,"href":"https:\/\/wp.ufpel.edu.br\/faem\/wp-json\/wp\/v2\/posts\/1956\/revisions\/2002"}],"wp:attachment":[{"href":"https:\/\/wp.ufpel.edu.br\/faem\/wp-json\/wp\/v2\/media?parent=1956"}],"wp:term":[{"taxonomy":"category","embeddable":true,"href":"https:\/\/wp.ufpel.edu.br\/faem\/wp-json\/wp\/v2\/categories?post=1956"},{"taxonomy":"post_tag","embeddable":true,"href":"https:\/\/wp.ufpel.edu.br\/faem\/wp-json\/wp\/v2\/tags?post=1956"}],"curies":[{"name":"wp","href":"https:\/\/api.w.org\/{rel}","templated":true}]}}