{"id":2455,"date":"2022-04-05T18:20:13","date_gmt":"2022-04-05T21:20:13","guid":{"rendered":"https:\/\/wp.ufpel.edu.br\/fae\/?p=2455"},"modified":"2022-04-05T18:20:13","modified_gmt":"2022-04-05T21:20:13","slug":"retorno-presencial-fae","status":"publish","type":"post","link":"https:\/\/wp.ufpel.edu.br\/fae\/2022\/04\/05\/retorno-presencial-fae\/","title":{"rendered":"Retorno Presencial FaE"},"content":{"rendered":"<p>Comunicamos que a Faculdade de Educa\u00e7\u00e3o constituiu uma comiss\u00e3o para planejar o retorno presencial das atividades acad\u00eamicas. A comiss\u00e3o \u00e9 constitu\u00edda por representantes dos docentes, t\u00e9cnicos e discentes e est\u00e1 trabalhando para que o retorno ocorra da forma mais tranquila e segura poss\u00edvel.<\/p>\n<p>Informa\u00e7\u00f5es ser\u00e3o divulgadas oportunamente.<\/p>\n","protected":false},"excerpt":{"rendered":"<p>Comunicamos que a Faculdade de Educa\u00e7\u00e3o constituiu uma comiss\u00e3o para planejar o retorno presencial das atividades acad\u00eamicas. A comiss\u00e3o \u00e9 constitu\u00edda por representantes dos docentes, t\u00e9cnicos e discentes e est\u00e1 trabalhando para que o retorno ocorra da forma mais tranquila e segura poss\u00edvel. Informa\u00e7\u00f5es ser\u00e3o divulgadas oportunamente.<\/p>\n","protected":false},"author":325,"featured_media":0,"comment_status":"closed","ping_status":"closed","sticky":false,"template":"","format":"standard","meta":{"jetpack_post_was_ever_published":false,"_jetpack_newsletter_access":"","_jetpack_dont_email_post_to_subs":false,"_jetpack_newsletter_tier_id":0,"_jetpack_memberships_contains_paywalled_content":false,"_jetpack_memberships_contains_paid_content":false,"footnotes":"","jetpack_publicize_message":"","jetpack_publicize_feature_enabled":true,"jetpack_social_post_already_shared":true,"jetpack_social_options":{"image_generator_settings":{"template":"highway","default_image_id":0,"font":"","enabled":false},"version":2}},"categories":[23508],"tags":[],"class_list":["post-2455","post","type-post","status-publish","format-standard","hentry","category-noticias"],"yoast_head":"<!-- This site is optimized with the Yoast SEO plugin v26.7 - https:\/\/yoast.com\/wordpress\/plugins\/seo\/ -->\n<title>Retorno Presencial FaE - FACULDADE DE EDUCA\u00c7\u00c3O - Ufpel<\/title>\n<meta name=\"robots\" content=\"index, follow, max-snippet:-1, max-image-preview:large, max-video-preview:-1\" \/>\n<link rel=\"canonical\" href=\"https:\/\/wp.ufpel.edu.br\/fae\/2022\/04\/05\/retorno-presencial-fae\/\" \/>\n<meta property=\"og:locale\" content=\"pt_BR\" \/>\n<meta property=\"og:type\" content=\"article\" \/>\n<meta property=\"og:title\" content=\"Retorno Presencial FaE - FACULDADE DE EDUCA\u00c7\u00c3O - Ufpel\" \/>\n<meta property=\"og:description\" content=\"Comunicamos que a Faculdade de Educa\u00e7\u00e3o constituiu uma comiss\u00e3o para planejar o retorno presencial das atividades acad\u00eamicas. A comiss\u00e3o \u00e9 constitu\u00edda por representantes dos docentes, t\u00e9cnicos e discentes e est\u00e1 trabalhando para que o retorno ocorra da forma mais tranquila e segura poss\u00edvel. Informa\u00e7\u00f5es ser\u00e3o divulgadas oportunamente.\" \/>\n<meta property=\"og:url\" content=\"https:\/\/wp.ufpel.edu.br\/fae\/2022\/04\/05\/retorno-presencial-fae\/\" \/>\n<meta property=\"og:site_name\" content=\"FACULDADE DE EDUCA\u00c7\u00c3O - Ufpel\" \/>\n<meta property=\"article:published_time\" content=\"2022-04-05T21:20:13+00:00\" \/>\n<meta name=\"author\" content=\"fae\" \/>\n<meta name=\"twitter:card\" content=\"summary_large_image\" \/>\n<meta name=\"twitter:label1\" content=\"Escrito por\" \/>\n\t<meta name=\"twitter:data1\" content=\"fae\" \/>\n\t<meta name=\"twitter:label2\" content=\"Est. tempo de leitura\" \/>\n\t<meta name=\"twitter:data2\" content=\"1 minuto\" \/>\n<script type=\"application\/ld+json\" class=\"yoast-schema-graph\">{\"@context\":\"https:\/\/schema.org\",\"@graph\":[{\"@type\":\"Article\",\"@id\":\"https:\/\/wp.ufpel.edu.br\/fae\/2022\/04\/05\/retorno-presencial-fae\/#article\",\"isPartOf\":{\"@id\":\"https:\/\/wp.ufpel.edu.br\/fae\/2022\/04\/05\/retorno-presencial-fae\/\"},\"author\":{\"name\":\"fae\",\"@id\":\"https:\/\/wp.ufpel.edu.br\/fae\/#\/schema\/person\/313ddc6a411f47f26532e4403e2ad2ca\"},\"headline\":\"Retorno Presencial FaE\",\"datePublished\":\"2022-04-05T21:20:13+00:00\",\"mainEntityOfPage\":{\"@id\":\"https:\/\/wp.ufpel.edu.br\/fae\/2022\/04\/05\/retorno-presencial-fae\/\"},\"wordCount\":58,\"articleSection\":[\"Not\u00edcias\"],\"inLanguage\":\"pt-BR\"},{\"@type\":\"WebPage\",\"@id\":\"https:\/\/wp.ufpel.edu.br\/fae\/2022\/04\/05\/retorno-presencial-fae\/\",\"url\":\"https:\/\/wp.ufpel.edu.br\/fae\/2022\/04\/05\/retorno-presencial-fae\/\",\"name\":\"Retorno Presencial FaE - FACULDADE DE EDUCA\u00c7\u00c3O - Ufpel\",\"isPartOf\":{\"@id\":\"https:\/\/wp.ufpel.edu.br\/fae\/#website\"},\"datePublished\":\"2022-04-05T21:20:13+00:00\",\"author\":{\"@id\":\"https:\/\/wp.ufpel.edu.br\/fae\/#\/schema\/person\/313ddc6a411f47f26532e4403e2ad2ca\"},\"breadcrumb\":{\"@id\":\"https:\/\/wp.ufpel.edu.br\/fae\/2022\/04\/05\/retorno-presencial-fae\/#breadcrumb\"},\"inLanguage\":\"pt-BR\",\"potentialAction\":[{\"@type\":\"ReadAction\",\"target\":[\"https:\/\/wp.ufpel.edu.br\/fae\/2022\/04\/05\/retorno-presencial-fae\/\"]}]},{\"@type\":\"BreadcrumbList\",\"@id\":\"https:\/\/wp.ufpel.edu.br\/fae\/2022\/04\/05\/retorno-presencial-fae\/#breadcrumb\",\"itemListElement\":[{\"@type\":\"ListItem\",\"position\":1,\"name\":\"In\u00edcio\",\"item\":\"https:\/\/wp.ufpel.edu.br\/fae\/\"},{\"@type\":\"ListItem\",\"position\":2,\"name\":\"Retorno Presencial FaE\"}]},{\"@type\":\"WebSite\",\"@id\":\"https:\/\/wp.ufpel.edu.br\/fae\/#website\",\"url\":\"https:\/\/wp.ufpel.edu.br\/fae\/\",\"name\":\"FACULDADE DE EDUCA\u00c7\u00c3O - Ufpel\",\"description\":\"\",\"potentialAction\":[{\"@type\":\"SearchAction\",\"target\":{\"@type\":\"EntryPoint\",\"urlTemplate\":\"https:\/\/wp.ufpel.edu.br\/fae\/?s={search_term_string}\"},\"query-input\":{\"@type\":\"PropertyValueSpecification\",\"valueRequired\":true,\"valueName\":\"search_term_string\"}}],\"inLanguage\":\"pt-BR\"},{\"@type\":\"Person\",\"@id\":\"https:\/\/wp.ufpel.edu.br\/fae\/#\/schema\/person\/313ddc6a411f47f26532e4403e2ad2ca\",\"name\":\"fae\",\"image\":{\"@type\":\"ImageObject\",\"inLanguage\":\"pt-BR\",\"@id\":\"https:\/\/wp.ufpel.edu.br\/fae\/#\/schema\/person\/image\/\",\"url\":\"https:\/\/secure.gravatar.com\/avatar\/bc2d720d22d5058bc802b335f8a77e815d080ec670d0dc1ca554ee496d0a0f7c?s=96&d=mm&r=g\",\"contentUrl\":\"https:\/\/secure.gravatar.com\/avatar\/bc2d720d22d5058bc802b335f8a77e815d080ec670d0dc1ca554ee496d0a0f7c?s=96&d=mm&r=g\",\"caption\":\"fae\"},\"url\":\"https:\/\/wp.ufpel.edu.br\/fae\/author\/fae\/\"}]}<\/script>\n<!-- \/ Yoast SEO plugin. -->","yoast_head_json":{"title":"Retorno Presencial FaE - FACULDADE DE EDUCA\u00c7\u00c3O - Ufpel","robots":{"index":"index","follow":"follow","max-snippet":"max-snippet:-1","max-image-preview":"max-image-preview:large","max-video-preview":"max-video-preview:-1"},"canonical":"https:\/\/wp.ufpel.edu.br\/fae\/2022\/04\/05\/retorno-presencial-fae\/","og_locale":"pt_BR","og_type":"article","og_title":"Retorno Presencial FaE - FACULDADE DE EDUCA\u00c7\u00c3O - Ufpel","og_description":"Comunicamos que a Faculdade de Educa\u00e7\u00e3o constituiu uma comiss\u00e3o para planejar o retorno presencial das atividades acad\u00eamicas. A comiss\u00e3o \u00e9 constitu\u00edda por representantes dos docentes, t\u00e9cnicos e discentes e est\u00e1 trabalhando para que o retorno ocorra da forma mais tranquila e segura poss\u00edvel. Informa\u00e7\u00f5es ser\u00e3o divulgadas oportunamente.","og_url":"https:\/\/wp.ufpel.edu.br\/fae\/2022\/04\/05\/retorno-presencial-fae\/","og_site_name":"FACULDADE DE EDUCA\u00c7\u00c3O - Ufpel","article_published_time":"2022-04-05T21:20:13+00:00","author":"fae","twitter_card":"summary_large_image","twitter_misc":{"Escrito por":"fae","Est. tempo de leitura":"1 minuto"},"schema":{"@context":"https:\/\/schema.org","@graph":[{"@type":"Article","@id":"https:\/\/wp.ufpel.edu.br\/fae\/2022\/04\/05\/retorno-presencial-fae\/#article","isPartOf":{"@id":"https:\/\/wp.ufpel.edu.br\/fae\/2022\/04\/05\/retorno-presencial-fae\/"},"author":{"name":"fae","@id":"https:\/\/wp.ufpel.edu.br\/fae\/#\/schema\/person\/313ddc6a411f47f26532e4403e2ad2ca"},"headline":"Retorno Presencial FaE","datePublished":"2022-04-05T21:20:13+00:00","mainEntityOfPage":{"@id":"https:\/\/wp.ufpel.edu.br\/fae\/2022\/04\/05\/retorno-presencial-fae\/"},"wordCount":58,"articleSection":["Not\u00edcias"],"inLanguage":"pt-BR"},{"@type":"WebPage","@id":"https:\/\/wp.ufpel.edu.br\/fae\/2022\/04\/05\/retorno-presencial-fae\/","url":"https:\/\/wp.ufpel.edu.br\/fae\/2022\/04\/05\/retorno-presencial-fae\/","name":"Retorno Presencial FaE - FACULDADE DE EDUCA\u00c7\u00c3O - Ufpel","isPartOf":{"@id":"https:\/\/wp.ufpel.edu.br\/fae\/#website"},"datePublished":"2022-04-05T21:20:13+00:00","author":{"@id":"https:\/\/wp.ufpel.edu.br\/fae\/#\/schema\/person\/313ddc6a411f47f26532e4403e2ad2ca"},"breadcrumb":{"@id":"https:\/\/wp.ufpel.edu.br\/fae\/2022\/04\/05\/retorno-presencial-fae\/#breadcrumb"},"inLanguage":"pt-BR","potentialAction":[{"@type":"ReadAction","target":["https:\/\/wp.ufpel.edu.br\/fae\/2022\/04\/05\/retorno-presencial-fae\/"]}]},{"@type":"BreadcrumbList","@id":"https:\/\/wp.ufpel.edu.br\/fae\/2022\/04\/05\/retorno-presencial-fae\/#breadcrumb","itemListElement":[{"@type":"ListItem","position":1,"name":"In\u00edcio","item":"https:\/\/wp.ufpel.edu.br\/fae\/"},{"@type":"ListItem","position":2,"name":"Retorno Presencial FaE"}]},{"@type":"WebSite","@id":"https:\/\/wp.ufpel.edu.br\/fae\/#website","url":"https:\/\/wp.ufpel.edu.br\/fae\/","name":"FACULDADE DE EDUCA\u00c7\u00c3O - Ufpel","description":"","potentialAction":[{"@type":"SearchAction","target":{"@type":"EntryPoint","urlTemplate":"https:\/\/wp.ufpel.edu.br\/fae\/?s={search_term_string}"},"query-input":{"@type":"PropertyValueSpecification","valueRequired":true,"valueName":"search_term_string"}}],"inLanguage":"pt-BR"},{"@type":"Person","@id":"https:\/\/wp.ufpel.edu.br\/fae\/#\/schema\/person\/313ddc6a411f47f26532e4403e2ad2ca","name":"fae","image":{"@type":"ImageObject","inLanguage":"pt-BR","@id":"https:\/\/wp.ufpel.edu.br\/fae\/#\/schema\/person\/image\/","url":"https:\/\/secure.gravatar.com\/avatar\/bc2d720d22d5058bc802b335f8a77e815d080ec670d0dc1ca554ee496d0a0f7c?s=96&d=mm&r=g","contentUrl":"https:\/\/secure.gravatar.com\/avatar\/bc2d720d22d5058bc802b335f8a77e815d080ec670d0dc1ca554ee496d0a0f7c?s=96&d=mm&r=g","caption":"fae"},"url":"https:\/\/wp.ufpel.edu.br\/fae\/author\/fae\/"}]}},"jetpack_publicize_connections":[],"jetpack_featured_media_url":"","jetpack_sharing_enabled":true,"jetpack_shortlink":"https:\/\/wp.me\/p6QmCH-DB","jetpack_likes_enabled":true,"_links":{"self":[{"href":"https:\/\/wp.ufpel.edu.br\/fae\/wp-json\/wp\/v2\/posts\/2455","targetHints":{"allow":["GET"]}}],"collection":[{"href":"https:\/\/wp.ufpel.edu.br\/fae\/wp-json\/wp\/v2\/posts"}],"about":[{"href":"https:\/\/wp.ufpel.edu.br\/fae\/wp-json\/wp\/v2\/types\/post"}],"author":[{"embeddable":true,"href":"https:\/\/wp.ufpel.edu.br\/fae\/wp-json\/wp\/v2\/users\/325"}],"replies":[{"embeddable":true,"href":"https:\/\/wp.ufpel.edu.br\/fae\/wp-json\/wp\/v2\/comments?post=2455"}],"version-history":[{"count":1,"href":"https:\/\/wp.ufpel.edu.br\/fae\/wp-json\/wp\/v2\/posts\/2455\/revisions"}],"predecessor-version":[{"id":2457,"href":"https:\/\/wp.ufpel.edu.br\/fae\/wp-json\/wp\/v2\/posts\/2455\/revisions\/2457"}],"wp:attachment":[{"href":"https:\/\/wp.ufpel.edu.br\/fae\/wp-json\/wp\/v2\/media?parent=2455"}],"wp:term":[{"taxonomy":"category","embeddable":true,"href":"https:\/\/wp.ufpel.edu.br\/fae\/wp-json\/wp\/v2\/categories?post=2455"},{"taxonomy":"post_tag","embeddable":true,"href":"https:\/\/wp.ufpel.edu.br\/fae\/wp-json\/wp\/v2\/tags?post=2455"}],"curies":[{"name":"wp","href":"https:\/\/api.w.org\/{rel}","templated":true}]}}