{"id":420,"date":"2020-12-08T18:42:51","date_gmt":"2020-12-08T21:42:51","guid":{"rendered":"https:\/\/wp.ufpel.edu.br\/expressomemoria\/?p=420"},"modified":"2020-12-08T22:17:18","modified_gmt":"2020-12-09T01:17:18","slug":"roda-de-conversa-de-27-11-2020-com-marcio-tascheto-da-silva-e-adriana-araujo-portella","status":"publish","type":"post","link":"https:\/\/wp.ufpel.edu.br\/expressomemoria\/2020\/12\/08\/roda-de-conversa-de-27-11-2020-com-marcio-tascheto-da-silva-e-adriana-araujo-portella\/","title":{"rendered":"Roda de Conversa de 27\/11\/2020, com Marcio Tascheto da Silva e Adriana Araujo Portella"},"content":{"rendered":"<p>A terceira Roda de Conversa virtual do Expresso Mem\u00f3ria ocorreu \u00e0s 18h do dia 27 de novembro de 2020, via Facebook, abordando educa\u00e7\u00e3o e cidade educadora. O encontro contou com a presen\u00e7a do Prof. Dr. Marcio Tascheto da Silva (Gradua\u00e7\u00e3o em Hist\u00f3ria pela Universidade Federal de Santa Maria\/UFSM (2002), Mestrado em Educa\u00e7\u00e3o pela Universidade Federal de Santa Maria\/UFSM (2005) e Doutorado em Educa\u00e7\u00e3o pela Universidade Federal do Rio Grande do Sul\/UFRGS (2016)), que atuou como professor de Hist\u00f3ria no Ensino M\u00e9dio na Escola de Educa\u00e7\u00e3o B\u00e1sica Educar-se\/UNISC (2003 a 2008), na Escola S\u00e3o Jo\u00e3o La Salle (2004) e hoje atua como professor e pesquisador no Curso de Hist\u00f3ria e no Mestrado em Humanidades e Linguagens\/MEHL da Universidade Franciscana\/UFN. Tamb\u00e9m participou da conversa a Prof.\u00aa Dr.\u00aa Adriana Araujo Portella (Doutorado em Joint Centre for Urban Design, Brookes (Oxford Brookes University, 2007); Mestrado em Programa de P\u00f3s-gradua\u00e7\u00e3o em Planejamento Urbano e Regional (Universidade Federal do Rio Grande do Sul, 2003); Gradua\u00e7\u00e3o em Arquitetura e Urbanismo (Universidade Federal de Pelotas, 2001)), que atualmente ocupa uma posi\u00e7\u00e3o permanente como Professora Associada 2 da Universidade Federal de Pelotas (UFPel, desde 28\/08\/2008) e foi Chefe do Departamento de Arquitetura e Planejamento da Faculdade de Arquitetura e Urbanismo por quatro anos (04\/03\/2016 &#8211; 29\/03\/2020). Ela \u00e9 empenhada em investigar como integrar grupos vulner\u00e1veis e idosos no desenho de estrat\u00e9gias de planejamento urbano para promover cidades inclusivas e melhores para todos; sua pesquisa \u00e9 sustentada por uma estrutura participativa, envolvendo as comunidades como co-pesquisadores.<\/p>\n<p style=\"text-align: left\"><strong>Assista:<\/strong><\/p>\n<div class=\"fb-post\" data-href=\"https:\/\/fb.watch\/2fHbTWtlG9\/\" data-width=\"700\"><\/div>\n","protected":false},"excerpt":{"rendered":"<p>A terceira Roda de Conversa virtual do Expresso Mem\u00f3ria ocorreu \u00e0s 18h do dia 27 de novembro de 2020, via Facebook, abordando educa\u00e7\u00e3o e cidade educadora. O encontro contou com a presen\u00e7a do Prof. Dr. Marcio Tascheto da Silva (Gradua\u00e7\u00e3o em Hist\u00f3ria pela Universidade Federal de Santa Maria\/UFSM (2002), Mestrado em Educa\u00e7\u00e3o pela Universidade Federal [&hellip;]<\/p>\n","protected":false},"author":1060,"featured_media":512,"comment_status":"closed","ping_status":"closed","sticky":false,"template":"","format":"standard","meta":{"_jetpack_memberships_contains_paid_content":false,"footnotes":"","jetpack_publicize_message":"","jetpack_publicize_feature_enabled":true,"jetpack_social_post_already_shared":true,"jetpack_social_options":{"image_generator_settings":{"template":"highway","default_image_id":0,"font":"","enabled":false},"version":2}},"categories":[1],"tags":[],"class_list":{"0":"post-420","1":"post","2":"type-post","3":"status-publish","4":"format-standard","5":"has-post-thumbnail","6":"hentry","7":"category-noticias","9":"post-with-thumbnail","10":"post-with-thumbnail-large"},"jetpack_publicize_connections":[],"jetpack_featured_media_url":"https:\/\/wp.ufpel.edu.br\/expressomemoria\/files\/2020\/12\/roda3.png","jetpack_likes_enabled":true,"jetpack_sharing_enabled":true,"_links":{"self":[{"href":"https:\/\/wp.ufpel.edu.br\/expressomemoria\/wp-json\/wp\/v2\/posts\/420","targetHints":{"allow":["GET"]}}],"collection":[{"href":"https:\/\/wp.ufpel.edu.br\/expressomemoria\/wp-json\/wp\/v2\/posts"}],"about":[{"href":"https:\/\/wp.ufpel.edu.br\/expressomemoria\/wp-json\/wp\/v2\/types\/post"}],"author":[{"embeddable":true,"href":"https:\/\/wp.ufpel.edu.br\/expressomemoria\/wp-json\/wp\/v2\/users\/1060"}],"replies":[{"embeddable":true,"href":"https:\/\/wp.ufpel.edu.br\/expressomemoria\/wp-json\/wp\/v2\/comments?post=420"}],"version-history":[{"count":1,"href":"https:\/\/wp.ufpel.edu.br\/expressomemoria\/wp-json\/wp\/v2\/posts\/420\/revisions"}],"predecessor-version":[{"id":422,"href":"https:\/\/wp.ufpel.edu.br\/expressomemoria\/wp-json\/wp\/v2\/posts\/420\/revisions\/422"}],"wp:featuredmedia":[{"embeddable":true,"href":"https:\/\/wp.ufpel.edu.br\/expressomemoria\/wp-json\/wp\/v2\/media\/512"}],"wp:attachment":[{"href":"https:\/\/wp.ufpel.edu.br\/expressomemoria\/wp-json\/wp\/v2\/media?parent=420"}],"wp:term":[{"taxonomy":"category","embeddable":true,"href":"https:\/\/wp.ufpel.edu.br\/expressomemoria\/wp-json\/wp\/v2\/categories?post=420"},{"taxonomy":"post_tag","embeddable":true,"href":"https:\/\/wp.ufpel.edu.br\/expressomemoria\/wp-json\/wp\/v2\/tags?post=420"}],"curies":[{"name":"wp","href":"https:\/\/api.w.org\/{rel}","templated":true}]}}