{"id":177,"date":"2021-09-01T14:37:05","date_gmt":"2021-09-01T17:37:05","guid":{"rendered":"https:\/\/wp.ufpel.edu.br\/expografica\/?p=177"},"modified":"2022-06-20T10:37:35","modified_gmt":"2022-06-20T13:37:35","slug":"identidade-como-pilar-de-desenvolvimento-e-sustentabilidade-de-cidades-a-imagem-projetada-de-coimbrapt","status":"publish","type":"post","link":"https:\/\/wp.ufpel.edu.br\/expografica\/2021\/09\/01\/identidade-como-pilar-de-desenvolvimento-e-sustentabilidade-de-cidades-a-imagem-projetada-de-coimbrapt\/","title":{"rendered":"IDENTIDADE COMO PILAR DE DESENVOLVIMENTO E SUSTENTABILIDADE DE CIDADES: A IMAGEM PROJETADA DE COIMBRA|PT"},"content":{"rendered":"\n<figure class=\"wp-block-gallery aligncenter has-nested-images columns-default is-cropped wp-block-gallery-1 is-layout-flex wp-block-gallery-is-layout-flex\">\n<figure class=\"wp-block-image size-large\"><img width=\"1024\" height=\"640\" data-id=\"365\" src=\"https:\/\/wp.ufpel.edu.br\/expografica\/files\/2022\/06\/Poster_Identidade-como-pilar-de-desenvolvimento-e-sustentabilidade-de-cidades-a-imagem-projetada-de-CoimbraPt_Nogueira-Claudia-da-Silva.-E-Michelon-Francisca-Ferreira._1.jpg-1024x640.jpg\" alt=\"\" class=\"wp-image-365\" srcset=\"https:\/\/wp.ufpel.edu.br\/expografica\/files\/2022\/06\/Poster_Identidade-como-pilar-de-desenvolvimento-e-sustentabilidade-de-cidades-a-imagem-projetada-de-CoimbraPt_Nogueira-Claudia-da-Silva.-E-Michelon-Francisca-Ferreira._1.jpg-1024x640.jpg 1024w, https:\/\/wp.ufpel.edu.br\/expografica\/files\/2022\/06\/Poster_Identidade-como-pilar-de-desenvolvimento-e-sustentabilidade-de-cidades-a-imagem-projetada-de-CoimbraPt_Nogueira-Claudia-da-Silva.-E-Michelon-Francisca-Ferreira._1.jpg-400x250.jpg 400w, https:\/\/wp.ufpel.edu.br\/expografica\/files\/2022\/06\/Poster_Identidade-como-pilar-de-desenvolvimento-e-sustentabilidade-de-cidades-a-imagem-projetada-de-CoimbraPt_Nogueira-Claudia-da-Silva.-E-Michelon-Francisca-Ferreira._1.jpg-768x480.jpg 768w, https:\/\/wp.ufpel.edu.br\/expografica\/files\/2022\/06\/Poster_Identidade-como-pilar-de-desenvolvimento-e-sustentabilidade-de-cidades-a-imagem-projetada-de-CoimbraPt_Nogueira-Claudia-da-Silva.-E-Michelon-Francisca-Ferreira._1.jpg.jpg 1280w\" sizes=\"(max-width: 1024px) 100vw, 1024px\" \/><\/figure>\n<\/figure>\n\n\n\n<p><span style=\"color: #333333;\"><\/span><\/p>\n\n\n\n<figure class=\"wp-block-gallery has-nested-images columns-4 is-cropped wp-block-gallery-2 is-layout-flex wp-block-gallery-is-layout-flex\">\n<figure class=\"wp-block-image size-large\"><a href=\"https:\/\/wp.ufpel.edu.br\/expografica\/files\/2022\/06\/Poster_Identidade-como-pilar-de-desenvolvimento-e-sustentabilidade-de-cidades-a-imagem-projetada-de-CoimbraPt_Nogueira-Claudia-da-Silva.-E-Michelon-Francisca-Ferreira._2.jpg.jpg\"><img width=\"640\" height=\"400\" data-id=\"368\" src=\"https:\/\/wp.ufpel.edu.br\/expografica\/files\/2022\/06\/Poster_Identidade-como-pilar-de-desenvolvimento-e-sustentabilidade-de-cidades-a-imagem-projetada-de-CoimbraPt_Nogueira-Claudia-da-Silva.-E-Michelon-Francisca-Ferreira._2.jpg.jpg\" alt=\"\" class=\"wp-image-368\" srcset=\"https:\/\/wp.ufpel.edu.br\/expografica\/files\/2022\/06\/Poster_Identidade-como-pilar-de-desenvolvimento-e-sustentabilidade-de-cidades-a-imagem-projetada-de-CoimbraPt_Nogueira-Claudia-da-Silva.-E-Michelon-Francisca-Ferreira._2.jpg.jpg 640w, https:\/\/wp.ufpel.edu.br\/expografica\/files\/2022\/06\/Poster_Identidade-como-pilar-de-desenvolvimento-e-sustentabilidade-de-cidades-a-imagem-projetada-de-CoimbraPt_Nogueira-Claudia-da-Silva.-E-Michelon-Francisca-Ferreira._2.jpg-400x250.jpg 400w\" sizes=\"(max-width: 640px) 100vw, 640px\" \/><\/a><\/figure>\n\n\n\n<figure class=\"wp-block-image size-large\"><a href=\"https:\/\/wp.ufpel.edu.br\/expografica\/files\/2022\/06\/Poster_Identidade-como-pilar-de-desenvolvimento-e-sustentabilidade-de-cidades-a-imagem-projetada-de-CoimbraPt_Nogueira-Claudia-da-Silva.-E-Michelon-Francisca-Ferreira._3.jpg.jpg\"><img width=\"640\" height=\"400\" data-id=\"366\" src=\"https:\/\/wp.ufpel.edu.br\/expografica\/files\/2022\/06\/Poster_Identidade-como-pilar-de-desenvolvimento-e-sustentabilidade-de-cidades-a-imagem-projetada-de-CoimbraPt_Nogueira-Claudia-da-Silva.-E-Michelon-Francisca-Ferreira._3.jpg.jpg\" alt=\"\" class=\"wp-image-366\" srcset=\"https:\/\/wp.ufpel.edu.br\/expografica\/files\/2022\/06\/Poster_Identidade-como-pilar-de-desenvolvimento-e-sustentabilidade-de-cidades-a-imagem-projetada-de-CoimbraPt_Nogueira-Claudia-da-Silva.-E-Michelon-Francisca-Ferreira._3.jpg.jpg 640w, https:\/\/wp.ufpel.edu.br\/expografica\/files\/2022\/06\/Poster_Identidade-como-pilar-de-desenvolvimento-e-sustentabilidade-de-cidades-a-imagem-projetada-de-CoimbraPt_Nogueira-Claudia-da-Silva.-E-Michelon-Francisca-Ferreira._3.jpg-400x250.jpg 400w\" sizes=\"(max-width: 640px) 100vw, 640px\" \/><\/a><\/figure>\n\n\n\n<figure class=\"wp-block-image size-large\"><a href=\"https:\/\/wp.ufpel.edu.br\/expografica\/files\/2022\/06\/Poster_Identidade-como-pilar-de-desenvolvimento-e-sustentabilidade-de-cidades-a-imagem-projetada-de-CoimbraPt_Nogueira-Claudia-da-Silva.-E-Michelon-Francisca-Ferreira._4.jpg.jpg\"><img width=\"640\" height=\"400\" data-id=\"367\" src=\"https:\/\/wp.ufpel.edu.br\/expografica\/files\/2022\/06\/Poster_Identidade-como-pilar-de-desenvolvimento-e-sustentabilidade-de-cidades-a-imagem-projetada-de-CoimbraPt_Nogueira-Claudia-da-Silva.-E-Michelon-Francisca-Ferreira._4.jpg.jpg\" alt=\"\" class=\"wp-image-367\" srcset=\"https:\/\/wp.ufpel.edu.br\/expografica\/files\/2022\/06\/Poster_Identidade-como-pilar-de-desenvolvimento-e-sustentabilidade-de-cidades-a-imagem-projetada-de-CoimbraPt_Nogueira-Claudia-da-Silva.-E-Michelon-Francisca-Ferreira._4.jpg.jpg 640w, https:\/\/wp.ufpel.edu.br\/expografica\/files\/2022\/06\/Poster_Identidade-como-pilar-de-desenvolvimento-e-sustentabilidade-de-cidades-a-imagem-projetada-de-CoimbraPt_Nogueira-Claudia-da-Silva.-E-Michelon-Francisca-Ferreira._4.jpg-400x250.jpg 400w\" sizes=\"(max-width: 640px) 100vw, 640px\" \/><\/a><\/figure>\n\n\n\n<figure class=\"wp-block-image size-large\"><a href=\"https:\/\/wp.ufpel.edu.br\/expografica\/files\/2022\/06\/Poster_Identidade-como-pilar-de-desenvolvimento-e-sustentabilidade-de-cidades-a-imagem-projetada-de-CoimbraPt_Nogueira-Claudia-da-Silva.-E-Michelon-Francisca-Ferreira._5.jpg.jpg\"><img width=\"640\" height=\"400\" data-id=\"369\" src=\"https:\/\/wp.ufpel.edu.br\/expografica\/files\/2022\/06\/Poster_Identidade-como-pilar-de-desenvolvimento-e-sustentabilidade-de-cidades-a-imagem-projetada-de-CoimbraPt_Nogueira-Claudia-da-Silva.-E-Michelon-Francisca-Ferreira._5.jpg.jpg\" alt=\"\" class=\"wp-image-369\" srcset=\"https:\/\/wp.ufpel.edu.br\/expografica\/files\/2022\/06\/Poster_Identidade-como-pilar-de-desenvolvimento-e-sustentabilidade-de-cidades-a-imagem-projetada-de-CoimbraPt_Nogueira-Claudia-da-Silva.-E-Michelon-Francisca-Ferreira._5.jpg.jpg 640w, https:\/\/wp.ufpel.edu.br\/expografica\/files\/2022\/06\/Poster_Identidade-como-pilar-de-desenvolvimento-e-sustentabilidade-de-cidades-a-imagem-projetada-de-CoimbraPt_Nogueira-Claudia-da-Silva.-E-Michelon-Francisca-Ferreira._5.jpg-400x250.jpg 400w\" sizes=\"(max-width: 640px) 100vw, 640px\" \/><\/a><\/figure>\n<\/figure>\n\n\n\n<p><span style=\"color: #333333;\"><strong>Autoria:<\/strong> Claudia da Silva Nogueira (UFPel); Francisca Ferreira Michelon (UFPel). <\/span><\/p>\n\n\n\n<p><span style=\"color: #333333;\"><b>Resumo<\/b><\/span><\/p>\n\n\n\n<p><span style=\"color: #333333;\">Cidades s\u00e3o cria\u00e7\u00f5es complexas da sociedade, tornando-se lugares de conflitos e, em simult\u00e2neo, representativos. Portanto, por meio do que conservam se tornam \u00fanicas. Caracter\u00edsticas Identit\u00e1rias que servir\u00e3o e servem no decorrer dos s\u00e9culos como ferramentas preservacionistas, sendo uma estrat\u00e9gia para o campo patrimonial, seja de, \u2014 pertencimento; mantenimento e\/ou desenvolvimento \u2014 das cidades (Arantes, 2008; Pinho, 2009). Este estudo parte de um recorte da pesquisa desenvolvida pela autora no mestrado, \u201c<i>Reabilita\u00e7\u00e3o urbana: o estudo de Coimbra na identifica\u00e7\u00e3o dos fatores de ades\u00e3o dos atores privados a reabilita\u00e7\u00e3o do edificado em Portugal\u201d<\/i>, e demonstrar\u00e1 a utiliza\u00e7\u00e3o do fator identit\u00e1rio para o desenvolvimento de Coimbra, percebendo o seu bom desempenho, visto que, h\u00e1 valoriza\u00e7\u00e3o interna e externa de Coimbra ligada a este aspecto.<\/span><\/p>\n\n\n\n<p><span style=\"color: #333333;\"><b>Palavras-chave<\/b>: identidade; desenvolvimento; sustentabilidade.<\/span><\/p>\n\n\n\n<p class=\"has-text-align-center\"><span style=\"color: #333333;\">_______________________________________________________________<\/span><\/p>\n\n\n\n<h3 class=\"wp-block-heading\"><span style=\"font-size: 12pt; color: #333333; font-family: georgia, palatino, serif;\">Refer\u00eancias<\/span><\/h3>\n\n\n\n<p class=\"has-text-align-left\"><span style=\"color: #333333; font-family: georgia, palatino, serif; font-size: 12pt;\">ARANTES, Ant\u00f4nio Augusto. Patrim\u00f4nio cultural: desafios e perspectivas atuais. <em>In:<\/em> <strong>Patrim\u00f4nio imaterial:<\/strong> pol\u00edtica e instrumentos de identifica\u00e7\u00e3o, documenta\u00e7\u00e3o e salvaguarda. Bras\u00edlia: Unesco: IPHAN: Minc, 2008.<\/span><\/p>\n\n\n\n<p class=\"has-text-align-left\"><span style=\"color: #333333; font-family: georgia, palatino, serif; font-size: 12pt;\">PINHO, Ana Claudia da Costa. <strong>Conceitos e pol\u00edticas europeias de reabilita\u00e7\u00e3o urbana<\/strong> \u2014 an\u00e1lise da experi\u00eancia portuguesa dos Gabinetes T\u00e9cnicos Locais. 2009. Tese (Doutorado em Arquitetura) \u2014 Universidade T\u00e9cnica de Lisboa, Lisboa, 2009, v. 1.<\/span><\/p>\n\n\n\n<p class=\"has-text-align-left\"><span style=\"color: #333333; font-family: georgia, palatino, serif; font-size: 12pt;\">ROQUE, Jo\u00e3o Louren\u00e7o. <strong>Coimbra de meados do s\u00e9c. XIX a in\u00edcios do s\u00e9c. XX:<\/strong> imagens de sociabilidade urbana. 1990. p. 300-337.<\/span><\/p>\n","protected":false},"excerpt":{"rendered":"<p>Autoria: Claudia da Silva Nogueira (UFPel); Francisca Ferreira Michelon (UFPel). Resumo Cidades s\u00e3o cria\u00e7\u00f5es complexas da sociedade, tornando-se lugares de conflitos e, em simult\u00e2neo, representativos. Portanto, por meio do que conservam se tornam \u00fanicas. Caracter\u00edsticas Identit\u00e1rias que servir\u00e3o e servem no decorrer dos s\u00e9culos como ferramentas preservacionistas, sendo uma estrat\u00e9gia para o campo patrimonial, seja [&hellip;]<\/p>\n","protected":false},"author":1179,"featured_media":0,"comment_status":"closed","ping_status":"closed","sticky":false,"template":"","format":"standard","meta":{"footnotes":""},"categories":[2],"tags":[],"class_list":["post-177","post","type-post","status-publish","format-standard","hentry","category-posters-infograficos"],"jetpack_featured_media_url":"","_links":{"self":[{"href":"https:\/\/wp.ufpel.edu.br\/expografica\/wp-json\/wp\/v2\/posts\/177","targetHints":{"allow":["GET"]}}],"collection":[{"href":"https:\/\/wp.ufpel.edu.br\/expografica\/wp-json\/wp\/v2\/posts"}],"about":[{"href":"https:\/\/wp.ufpel.edu.br\/expografica\/wp-json\/wp\/v2\/types\/post"}],"author":[{"embeddable":true,"href":"https:\/\/wp.ufpel.edu.br\/expografica\/wp-json\/wp\/v2\/users\/1179"}],"replies":[{"embeddable":true,"href":"https:\/\/wp.ufpel.edu.br\/expografica\/wp-json\/wp\/v2\/comments?post=177"}],"version-history":[{"count":13,"href":"https:\/\/wp.ufpel.edu.br\/expografica\/wp-json\/wp\/v2\/posts\/177\/revisions"}],"predecessor-version":[{"id":370,"href":"https:\/\/wp.ufpel.edu.br\/expografica\/wp-json\/wp\/v2\/posts\/177\/revisions\/370"}],"wp:attachment":[{"href":"https:\/\/wp.ufpel.edu.br\/expografica\/wp-json\/wp\/v2\/media?parent=177"}],"wp:term":[{"taxonomy":"category","embeddable":true,"href":"https:\/\/wp.ufpel.edu.br\/expografica\/wp-json\/wp\/v2\/categories?post=177"},{"taxonomy":"post_tag","embeddable":true,"href":"https:\/\/wp.ufpel.edu.br\/expografica\/wp-json\/wp\/v2\/tags?post=177"}],"curies":[{"name":"wp","href":"https:\/\/api.w.org\/{rel}","templated":true}]}}