{"id":20,"date":"2011-05-01T09:55:09","date_gmt":"2011-05-01T12:55:09","guid":{"rendered":"https:\/\/wp.ufpel.edu.br\/estuques\/?p=20"},"modified":"2011-05-02T09:23:36","modified_gmt":"2011-05-02T12:23:36","slug":"gepe-participa-do-iv-salao-de-extensao-da-ufpel","status":"publish","type":"post","link":"https:\/\/wp.ufpel.edu.br\/estuques\/2011\/05\/01\/gepe-participa-do-iv-salao-de-extensao-da-ufpel\/","title":{"rendered":"GEPE Participa do IV Sal\u00e3o de Extens\u00e3o da UFPel"},"content":{"rendered":"<p><a href=\"https:\/\/wp.ufpel.edu.br\/estuques\/files\/2011\/05\/cropped-banner_salao1.jpg\"><img loading=\"lazy\" decoding=\"async\" class=\"alignnone size-medium wp-image-21\" src=\"https:\/\/wp.ufpel.edu.br\/estuques\/files\/2011\/05\/cropped-banner_salao1-300x75.jpg\" alt=\"\" width=\"400\" height=\"100\" srcset=\"https:\/\/wp.ufpel.edu.br\/estuques\/files\/2011\/05\/cropped-banner_salao1-300x75.jpg 300w, https:\/\/wp.ufpel.edu.br\/estuques\/files\/2011\/05\/cropped-banner_salao1.jpg 540w\" sizes=\"auto, (max-width: 400px) 100vw, 400px\" \/><\/a><\/p>\n<p>Entre os dias 25 e 27 de abril, o GEPE participou do IV Sal\u00e3o de extens\u00e3o da UFPel com a apresenta\u00e7\u00e3o de dois Banner.<br \/>\nUm deles, apresentado pela acad\u00eamica do curso de Conserva\u00e7\u00e3o e Restauro, Micheli Afonso, relata a cria\u00e7\u00e3o do GEPE como um projeto de extens\u00e3o, destacando as a\u00e7\u00f5es que j\u00e1 foram realizadas nesta curta trajet\u00f3ria e projetando as a\u00e7\u00f5es futuras deste grupo.<br \/>\nO outro banner, apresentado pelos acad\u00eamicos do curso de Conserva\u00e7\u00e3o e Restauro, Karen Caldas e F\u00e1bio Galli, relata o restauro de parte do estuque do corredor da Antiga Sede do Curso de Belas Artes, hoje sede dos cursos de Conserva\u00e7\u00e3o e Restauro, Museologia e do Mestrado em Mem\u00f3ria Social e Patrim\u00f4nio Cultural, edif\u00edcio tombado pela Prefeitura Municipal de Pelotas e que pertence \u00e0 UFPel. Neste Banner \u00e9 relatada a a\u00e7\u00e3o de um projeto de ensino vinculado ao GEPE onde os alunos da disciplina Conserva\u00e7\u00e3o e Restauro de Estuques puderam intervir diretamente sobre um bem integrado amea\u00e7ado, contribuindo com a preserva\u00e7\u00e3o \u00a0do Patrim\u00f4nio Cultural Pelotense.<\/p>\n<p>Veja o Banner: G<a title=\"BANNER: GEPE: Grupo de Estudo e Pesquisa em Estuque\" href=\"https:\/\/wp.ufpel.edu.br\/estuques\/files\/2011\/05\/Banner-salo-de-extenso_Micheli-Afonso.pdf\" target=\"_blank\">EPE: GRUPO DE ESTUDO E PESQUISA EM ESTUQUE. Estudo, ensino, pesquisa e extens\u00e3o voltadas \u00e0 prote\u00e7\u00e3o do Patrim\u00f4nio Hist\u00f3rico de Pelotas e regi\u00e3o<\/a>. De Micheli Afonso.<\/p>\n<p>Veja o Banner: <a href=\"https:\/\/wp.ufpel.edu.br\/estuques\/files\/2011\/05\/poster-salao-menor.jpg\">A PRESERVA\u00c7\u00c3O DO PATRIM\u00d4NIO ATRAV\u00c9S DO RESTAURO DOS ESTUQUES DO CASAR\u00c3O DA ANTIGA ESCOLA DE BELAS ARTES<\/a>. De Karen Caldas e Fabio Galli.<\/p>\n<p>O \u00a0GEPE parabeniza dos acad\u00eamicos que participaram do evento e destaca a import\u00e2ncia da divulga\u00e7\u00e3o das suas a\u00e7\u00f5es para a comunidade acad\u00eamica em geral.<\/p>\n","protected":false},"excerpt":{"rendered":"<p>Entre os dias 25 e 27 de abril, o GEPE participou do IV Sal\u00e3o de extens\u00e3o da UFPel com a apresenta\u00e7\u00e3o de dois Banner. Um deles, apresentado pela acad\u00eamica do curso de Conserva\u00e7\u00e3o e Restauro, Micheli Afonso, relata a cria\u00e7\u00e3o do GEPE como um projeto de extens\u00e3o, destacando as a\u00e7\u00f5es que j\u00e1 foram realizadas nesta &hellip; <\/p>\n<p><a class=\"more-link btn\" href=\"https:\/\/wp.ufpel.edu.br\/estuques\/2011\/05\/01\/gepe-participa-do-iv-salao-de-extensao-da-ufpel\/\">Continue lendo<\/a><\/p>\n","protected":false},"author":81,"featured_media":0,"comment_status":"closed","ping_status":"open","sticky":false,"template":"","format":"standard","meta":{"footnotes":""},"categories":[7930],"tags":[],"class_list":["post-20","post","type-post","status-publish","format-standard","hentry","category-noticias-sobre-eventos","item-wrap"],"jetpack_featured_media_url":"","_links":{"self":[{"href":"https:\/\/wp.ufpel.edu.br\/estuques\/wp-json\/wp\/v2\/posts\/20","targetHints":{"allow":["GET"]}}],"collection":[{"href":"https:\/\/wp.ufpel.edu.br\/estuques\/wp-json\/wp\/v2\/posts"}],"about":[{"href":"https:\/\/wp.ufpel.edu.br\/estuques\/wp-json\/wp\/v2\/types\/post"}],"author":[{"embeddable":true,"href":"https:\/\/wp.ufpel.edu.br\/estuques\/wp-json\/wp\/v2\/users\/81"}],"replies":[{"embeddable":true,"href":"https:\/\/wp.ufpel.edu.br\/estuques\/wp-json\/wp\/v2\/comments?post=20"}],"version-history":[{"count":6,"href":"https:\/\/wp.ufpel.edu.br\/estuques\/wp-json\/wp\/v2\/posts\/20\/revisions"}],"predecessor-version":[{"id":23,"href":"https:\/\/wp.ufpel.edu.br\/estuques\/wp-json\/wp\/v2\/posts\/20\/revisions\/23"}],"wp:attachment":[{"href":"https:\/\/wp.ufpel.edu.br\/estuques\/wp-json\/wp\/v2\/media?parent=20"}],"wp:term":[{"taxonomy":"category","embeddable":true,"href":"https:\/\/wp.ufpel.edu.br\/estuques\/wp-json\/wp\/v2\/categories?post=20"},{"taxonomy":"post_tag","embeddable":true,"href":"https:\/\/wp.ufpel.edu.br\/estuques\/wp-json\/wp\/v2\/tags?post=20"}],"curies":[{"name":"wp","href":"https:\/\/api.w.org\/{rel}","templated":true}]}}