{"id":343,"date":"2021-07-19T14:59:38","date_gmt":"2021-07-19T17:59:38","guid":{"rendered":"https:\/\/wp.ufpel.edu.br\/especializacaoesef\/?p=343"},"modified":"2021-07-19T15:00:18","modified_gmt":"2021-07-19T18:00:18","slug":"343","status":"publish","type":"post","link":"https:\/\/wp.ufpel.edu.br\/especializacaoesef\/2021\/07\/19\/343\/","title":{"rendered":"Resultado Final \u2013 Inscri\u00e7\u00f5es Homologadas Sele\u00e7\u00e3o 2021"},"content":{"rendered":"<p style=\"text-align: justify\">A Coordena\u00e7\u00e3o do Curso de Especializa\u00e7\u00e3o em Educa\u00e7\u00e3o F\u00edsica divulga abaixo o RESULTADO FINAL com a listagem dos candidatos com inscri\u00e7\u00f5es homologadas e n\u00e3o homologadas no processo de sele\u00e7\u00e3o do Edital 68\/2021.<\/p>\n<p><a href=\"https:\/\/wp.ufpel.edu.br\/especializacaoesef\/files\/2021\/07\/Inscricoes-Homologadas-FINAL.pdf\" target=\"_blank\" rel=\"noopener\">Resultado Final &#8211; Inscri\u00e7\u00f5es Homologadas 2021<\/a><\/p>\n<p>&nbsp;<\/p>\n<p style=\"text-align: justify\"><strong><u>INFORMA\u00c7\u00c3O IMPORTANTE<\/u><\/strong>:<\/p>\n<p style=\"text-align: justify\">Esse Curso de Especializa\u00e7\u00e3o em Educa\u00e7\u00e3o F\u00edsica, com \u00e1rea de concentra\u00e7\u00e3o em Educa\u00e7\u00e3o F\u00edsica Escolar, <strong><u>N\u00c3O \u00e9 um curso em EAD<\/u><\/strong>, \u00e9 um curso PRESENCIAL.<\/p>\n<p style=\"text-align: justify\">\u00c9 pertinente refor\u00e7ar a informa\u00e7\u00e3o j\u00e1 descrita no Edital 68\/2021: <em>enquanto as atividades presenciais se mantiverem suspensas devido as condi\u00e7\u00f5es sanit\u00e1rias ocasionadas pela COVID-19, as aulas ser\u00e3o ministradas de maneira remota, via Plataforma Digital<\/em>. Quando retornarem as atividades presenciais, as aulas ser\u00e3o ministradas de maneira presencial na Escola Superior de Educa\u00e7\u00e3o F\u00edsica, na cidade de Pelotas\/RS.<\/p>\n<p>&nbsp;<\/p>\n<p>Dia 26 de julho publicaremos a listagem com o nome dos candidatos aprovados.<\/p>\n","protected":false},"excerpt":{"rendered":"<p>A Coordena\u00e7\u00e3o do Curso de Especializa\u00e7\u00e3o em Educa\u00e7\u00e3o F\u00edsica divulga abaixo o RESULTADO FINAL com a listagem dos candidatos com inscri\u00e7\u00f5es homologadas e n\u00e3o homologadas no processo de sele\u00e7\u00e3o do Edital 68\/2021. Resultado Final &#8211; Inscri\u00e7\u00f5es Homologadas 2021 &nbsp; INFORMA\u00c7\u00c3O IMPORTANTE: Esse Curso de Especializa\u00e7\u00e3o em Educa\u00e7\u00e3o F\u00edsica, com \u00e1rea de concentra\u00e7\u00e3o em Educa\u00e7\u00e3o F\u00edsica [&hellip;]<\/p>\n","protected":false},"author":822,"featured_media":0,"comment_status":"closed","ping_status":"closed","sticky":false,"template":"","format":"standard","meta":{"footnotes":""},"categories":[1],"tags":[],"class_list":["post-343","post","type-post","status-publish","format-standard","hentry","category-noticias"],"jetpack_featured_media_url":"","_links":{"self":[{"href":"https:\/\/wp.ufpel.edu.br\/especializacaoesef\/wp-json\/wp\/v2\/posts\/343","targetHints":{"allow":["GET"]}}],"collection":[{"href":"https:\/\/wp.ufpel.edu.br\/especializacaoesef\/wp-json\/wp\/v2\/posts"}],"about":[{"href":"https:\/\/wp.ufpel.edu.br\/especializacaoesef\/wp-json\/wp\/v2\/types\/post"}],"author":[{"embeddable":true,"href":"https:\/\/wp.ufpel.edu.br\/especializacaoesef\/wp-json\/wp\/v2\/users\/822"}],"replies":[{"embeddable":true,"href":"https:\/\/wp.ufpel.edu.br\/especializacaoesef\/wp-json\/wp\/v2\/comments?post=343"}],"version-history":[{"count":2,"href":"https:\/\/wp.ufpel.edu.br\/especializacaoesef\/wp-json\/wp\/v2\/posts\/343\/revisions"}],"predecessor-version":[{"id":347,"href":"https:\/\/wp.ufpel.edu.br\/especializacaoesef\/wp-json\/wp\/v2\/posts\/343\/revisions\/347"}],"wp:attachment":[{"href":"https:\/\/wp.ufpel.edu.br\/especializacaoesef\/wp-json\/wp\/v2\/media?parent=343"}],"wp:term":[{"taxonomy":"category","embeddable":true,"href":"https:\/\/wp.ufpel.edu.br\/especializacaoesef\/wp-json\/wp\/v2\/categories?post=343"},{"taxonomy":"post_tag","embeddable":true,"href":"https:\/\/wp.ufpel.edu.br\/especializacaoesef\/wp-json\/wp\/v2\/tags?post=343"}],"curies":[{"name":"wp","href":"https:\/\/api.w.org\/{rel}","templated":true}]}}