{"id":920,"date":"2021-03-01T10:13:24","date_gmt":"2021-03-01T13:13:24","guid":{"rendered":"https:\/\/wp.ufpel.edu.br\/especializacaoemartesvisuais\/?p=920"},"modified":"2021-03-01T10:15:40","modified_gmt":"2021-03-01T13:15:40","slug":"inscricoes-homologadas-selecao-2021-1","status":"publish","type":"post","link":"https:\/\/wp.ufpel.edu.br\/especializacaoemartesvisuais\/2021\/03\/01\/inscricoes-homologadas-selecao-2021-1\/","title":{"rendered":"Inscri\u00e7\u00f5es Homologadas Sele\u00e7\u00e3o 2021-1"},"content":{"rendered":"<p>Divulgada a listagem de inscri\u00e7\u00f5es homologadas do Edital 113\/2020, em rela\u00e7\u00e3o a Sele\u00e7\u00e3o de Aluno Regular 2021-1 do Curso de Especializa\u00e7\u00e3o em Artes (<em>Lato Sensu<\/em>).<br \/>\nClique <a href=\"https:\/\/wp.ufpel.edu.br\/especializacaoemartesvisuais\/files\/2021\/03\/HOMOLOGACAO.pdf\">aqui<\/a>.<\/p>\n<p>Em breve divulgaremos o dia e os hor\u00e1rios das entrevistas, bem como o link da Sala Virtual, pelos e-mail pessoais cadastrados no formul\u00e1rio. Fiquem atentos!<\/p>\n","protected":false},"excerpt":{"rendered":"<p>Divulgada a listagem de inscri\u00e7\u00f5es homologadas do Edital 113\/2020, em rela\u00e7\u00e3o a Sele\u00e7\u00e3o de Aluno Regular 2021-1 do Curso de Especializa\u00e7\u00e3o em Artes (Lato Sensu). Clique aqui. Em breve divulgaremos o dia e os hor\u00e1rios das entrevistas, bem como o link da Sala Virtual, pelos e-mail pessoais cadastrados no formul\u00e1rio. Fiquem atentos!<\/p>\n","protected":false},"author":281,"featured_media":0,"comment_status":"closed","ping_status":"closed","sticky":false,"template":"","format":"standard","meta":{"footnotes":""},"categories":[18],"tags":[],"class_list":["post-920","post","type-post","status-publish","format-standard","hentry","category-sem-categoria"],"jetpack_featured_media_url":"","_links":{"self":[{"href":"https:\/\/wp.ufpel.edu.br\/especializacaoemartesvisuais\/wp-json\/wp\/v2\/posts\/920","targetHints":{"allow":["GET"]}}],"collection":[{"href":"https:\/\/wp.ufpel.edu.br\/especializacaoemartesvisuais\/wp-json\/wp\/v2\/posts"}],"about":[{"href":"https:\/\/wp.ufpel.edu.br\/especializacaoemartesvisuais\/wp-json\/wp\/v2\/types\/post"}],"author":[{"embeddable":true,"href":"https:\/\/wp.ufpel.edu.br\/especializacaoemartesvisuais\/wp-json\/wp\/v2\/users\/281"}],"replies":[{"embeddable":true,"href":"https:\/\/wp.ufpel.edu.br\/especializacaoemartesvisuais\/wp-json\/wp\/v2\/comments?post=920"}],"version-history":[{"count":3,"href":"https:\/\/wp.ufpel.edu.br\/especializacaoemartesvisuais\/wp-json\/wp\/v2\/posts\/920\/revisions"}],"predecessor-version":[{"id":925,"href":"https:\/\/wp.ufpel.edu.br\/especializacaoemartesvisuais\/wp-json\/wp\/v2\/posts\/920\/revisions\/925"}],"wp:attachment":[{"href":"https:\/\/wp.ufpel.edu.br\/especializacaoemartesvisuais\/wp-json\/wp\/v2\/media?parent=920"}],"wp:term":[{"taxonomy":"category","embeddable":true,"href":"https:\/\/wp.ufpel.edu.br\/especializacaoemartesvisuais\/wp-json\/wp\/v2\/categories?post=920"},{"taxonomy":"post_tag","embeddable":true,"href":"https:\/\/wp.ufpel.edu.br\/especializacaoemartesvisuais\/wp-json\/wp\/v2\/tags?post=920"}],"curies":[{"name":"wp","href":"https:\/\/api.w.org\/{rel}","templated":true}]}}