{"id":1159,"date":"2022-03-08T17:24:15","date_gmt":"2022-03-08T20:24:15","guid":{"rendered":"https:\/\/wp.ufpel.edu.br\/especializacaoemartesvisuais\/?p=1159"},"modified":"2022-03-08T17:24:15","modified_gmt":"2022-03-08T20:24:15","slug":"horarios-das-disciplinas-semestre-2022-1","status":"publish","type":"post","link":"https:\/\/wp.ufpel.edu.br\/especializacaoemartesvisuais\/2022\/03\/08\/horarios-das-disciplinas-semestre-2022-1\/","title":{"rendered":"Hor\u00e1rios das Disciplinas &#8211; Semestre 2022-1"},"content":{"rendered":"<p>Acesse aqui os hor\u00e1rios das disciplinas do semestre. Lembramos que as aulas ter\u00e3o in\u00edcio em 14 de mar\u00e7o.<\/p>\n<p><a href=\"https:\/\/wp.ufpel.edu.br\/especializacaoemartesvisuais\/files\/2022\/03\/HORARIOS-POS-GRADUACAO-2022-1.pdf\">Hor\u00e1rios<\/a> <a href=\"https:\/\/wp.ufpel.edu.br\/especializacaoemartesvisuais\/files\/2022\/03\/HORARIOS-POS-GRADUACAO-2022-1-1.pdf\">HOR\u00c1RIOS-P\u00d3S-GRADUA\u00c7\u00c3O 2022-1<\/a><\/p>\n","protected":false},"excerpt":{"rendered":"<p>Acesse aqui os hor\u00e1rios das disciplinas do semestre. Lembramos que as aulas ter\u00e3o in\u00edcio em 14 de mar\u00e7o. Hor\u00e1rios HOR\u00c1RIOS-P\u00d3S-GRADUA\u00c7\u00c3O 2022-1<\/p>\n","protected":false},"author":281,"featured_media":0,"comment_status":"closed","ping_status":"closed","sticky":false,"template":"","format":"standard","meta":{"footnotes":""},"categories":[18],"tags":[],"class_list":["post-1159","post","type-post","status-publish","format-standard","hentry","category-sem-categoria"],"jetpack_featured_media_url":"","_links":{"self":[{"href":"https:\/\/wp.ufpel.edu.br\/especializacaoemartesvisuais\/wp-json\/wp\/v2\/posts\/1159","targetHints":{"allow":["GET"]}}],"collection":[{"href":"https:\/\/wp.ufpel.edu.br\/especializacaoemartesvisuais\/wp-json\/wp\/v2\/posts"}],"about":[{"href":"https:\/\/wp.ufpel.edu.br\/especializacaoemartesvisuais\/wp-json\/wp\/v2\/types\/post"}],"author":[{"embeddable":true,"href":"https:\/\/wp.ufpel.edu.br\/especializacaoemartesvisuais\/wp-json\/wp\/v2\/users\/281"}],"replies":[{"embeddable":true,"href":"https:\/\/wp.ufpel.edu.br\/especializacaoemartesvisuais\/wp-json\/wp\/v2\/comments?post=1159"}],"version-history":[{"count":1,"href":"https:\/\/wp.ufpel.edu.br\/especializacaoemartesvisuais\/wp-json\/wp\/v2\/posts\/1159\/revisions"}],"predecessor-version":[{"id":1162,"href":"https:\/\/wp.ufpel.edu.br\/especializacaoemartesvisuais\/wp-json\/wp\/v2\/posts\/1159\/revisions\/1162"}],"wp:attachment":[{"href":"https:\/\/wp.ufpel.edu.br\/especializacaoemartesvisuais\/wp-json\/wp\/v2\/media?parent=1159"}],"wp:term":[{"taxonomy":"category","embeddable":true,"href":"https:\/\/wp.ufpel.edu.br\/especializacaoemartesvisuais\/wp-json\/wp\/v2\/categories?post=1159"},{"taxonomy":"post_tag","embeddable":true,"href":"https:\/\/wp.ufpel.edu.br\/especializacaoemartesvisuais\/wp-json\/wp\/v2\/tags?post=1159"}],"curies":[{"name":"wp","href":"https:\/\/api.w.org\/{rel}","templated":true}]}}