{"id":347,"date":"2026-08-31T19:07:54","date_gmt":"2026-08-31T22:07:54","guid":{"rendered":"https:\/\/wp.ufpel.edu.br\/especializacaoartes\/?p=347"},"modified":"2026-08-31T19:07:54","modified_gmt":"2026-08-31T22:07:54","slug":"horarios-entrevista-selecao-aluno-regular-2026-2","status":"publish","type":"post","link":"https:\/\/wp.ufpel.edu.br\/especializacaoartes\/2026\/08\/31\/horarios-entrevista-selecao-aluno-regular-2026-2\/","title":{"rendered":"HOR\u00c1RIOS ENTREVISTA &#8211; Sele\u00e7\u00e3o Aluno Regular 2026-2"},"content":{"rendered":"<p>Veja logo abaixo o arquivo com as datas e hor\u00e1rios das entrevistas da Sele\u00e7\u00e3o de Aluno Regular 2026-2 do curso de Especializa\u00e7\u00e3o em Artes.<br \/>\nAs entrevistas ocorrer\u00e3o na modalidade online atrav\u00e9s do link <a href=\"https:\/\/webconf.ufpel.edu.br\/b\/mar-7yo-jzx-rwl\">https:\/\/webconf.ufpel.edu.br\/b\/mar-7yo-jzx-rwl<\/a><\/p>\n<p><a href=\"https:\/\/wp.ufpel.edu.br\/especializacaoartes\/files\/2026\/08\/SEI_4126144_Despacho.pdf\">ENTREVISTAS<\/a><\/p>\n","protected":false},"excerpt":{"rendered":"<p>Veja logo abaixo o arquivo com as datas e hor\u00e1rios das entrevistas da Sele\u00e7\u00e3o de Aluno Regular 2026-2 do curso de Especializa\u00e7\u00e3o em Artes. As entrevistas ocorrer\u00e3o na modalidade online atrav\u00e9s do link https:\/\/webconf.ufpel.edu.br\/b\/mar-7yo-jzx-rwl ENTREVISTAS<\/p>\n","protected":false},"author":1383,"featured_media":0,"comment_status":"closed","ping_status":"closed","sticky":false,"template":"","format":"standard","meta":{"footnotes":""},"categories":[1],"tags":[],"class_list":["post-347","post","type-post","status-publish","format-standard","hentry","category-noticias"],"jetpack_featured_media_url":"","_links":{"self":[{"href":"https:\/\/wp.ufpel.edu.br\/especializacaoartes\/wp-json\/wp\/v2\/posts\/347","targetHints":{"allow":["GET"]}}],"collection":[{"href":"https:\/\/wp.ufpel.edu.br\/especializacaoartes\/wp-json\/wp\/v2\/posts"}],"about":[{"href":"https:\/\/wp.ufpel.edu.br\/especializacaoartes\/wp-json\/wp\/v2\/types\/post"}],"author":[{"embeddable":true,"href":"https:\/\/wp.ufpel.edu.br\/especializacaoartes\/wp-json\/wp\/v2\/users\/1383"}],"replies":[{"embeddable":true,"href":"https:\/\/wp.ufpel.edu.br\/especializacaoartes\/wp-json\/wp\/v2\/comments?post=347"}],"version-history":[{"count":1,"href":"https:\/\/wp.ufpel.edu.br\/especializacaoartes\/wp-json\/wp\/v2\/posts\/347\/revisions"}],"predecessor-version":[{"id":350,"href":"https:\/\/wp.ufpel.edu.br\/especializacaoartes\/wp-json\/wp\/v2\/posts\/347\/revisions\/350"}],"wp:attachment":[{"href":"https:\/\/wp.ufpel.edu.br\/especializacaoartes\/wp-json\/wp\/v2\/media?parent=347"}],"wp:term":[{"taxonomy":"category","embeddable":true,"href":"https:\/\/wp.ufpel.edu.br\/especializacaoartes\/wp-json\/wp\/v2\/categories?post=347"},{"taxonomy":"post_tag","embeddable":true,"href":"https:\/\/wp.ufpel.edu.br\/especializacaoartes\/wp-json\/wp\/v2\/tags?post=347"}],"curies":[{"name":"wp","href":"https:\/\/api.w.org\/{rel}","templated":true}]}}