{"id":1,"date":"2024-08-01T12:28:06","date_gmt":"2024-08-01T15:28:06","guid":{"rendered":"https:\/\/wp.ufpel.edu.br\/especializacaoartes\/?p=1"},"modified":"2024-08-06T13:30:11","modified_gmt":"2024-08-06T16:30:11","slug":"ola-mundo","status":"publish","type":"post","link":"https:\/\/wp.ufpel.edu.br\/especializacaoartes\/2024\/08\/01\/ola-mundo\/","title":{"rendered":"Novo site do Curso de Especializa\u00e7\u00e3o"},"content":{"rendered":"<p>Seja bem vindo(a) ao novo site do Curso de Especializa\u00e7\u00e3o em Artes!!!<\/p>\n","protected":false},"excerpt":{"rendered":"<p>Seja bem vindo(a) ao novo site do Curso de Especializa\u00e7\u00e3o em Artes!!!<\/p>\n","protected":false},"author":1383,"featured_media":0,"comment_status":"closed","ping_status":"closed","sticky":false,"template":"","format":"standard","meta":{"footnotes":""},"categories":[1],"tags":[],"class_list":["post-1","post","type-post","status-publish","format-standard","hentry","category-noticias"],"jetpack_featured_media_url":"","_links":{"self":[{"href":"https:\/\/wp.ufpel.edu.br\/especializacaoartes\/wp-json\/wp\/v2\/posts\/1","targetHints":{"allow":["GET"]}}],"collection":[{"href":"https:\/\/wp.ufpel.edu.br\/especializacaoartes\/wp-json\/wp\/v2\/posts"}],"about":[{"href":"https:\/\/wp.ufpel.edu.br\/especializacaoartes\/wp-json\/wp\/v2\/types\/post"}],"author":[{"embeddable":true,"href":"https:\/\/wp.ufpel.edu.br\/especializacaoartes\/wp-json\/wp\/v2\/users\/1383"}],"replies":[{"embeddable":true,"href":"https:\/\/wp.ufpel.edu.br\/especializacaoartes\/wp-json\/wp\/v2\/comments?post=1"}],"version-history":[{"count":1,"href":"https:\/\/wp.ufpel.edu.br\/especializacaoartes\/wp-json\/wp\/v2\/posts\/1\/revisions"}],"predecessor-version":[{"id":100,"href":"https:\/\/wp.ufpel.edu.br\/especializacaoartes\/wp-json\/wp\/v2\/posts\/1\/revisions\/100"}],"wp:attachment":[{"href":"https:\/\/wp.ufpel.edu.br\/especializacaoartes\/wp-json\/wp\/v2\/media?parent=1"}],"wp:term":[{"taxonomy":"category","embeddable":true,"href":"https:\/\/wp.ufpel.edu.br\/especializacaoartes\/wp-json\/wp\/v2\/categories?post=1"},{"taxonomy":"post_tag","embeddable":true,"href":"https:\/\/wp.ufpel.edu.br\/especializacaoartes\/wp-json\/wp\/v2\/tags?post=1"}],"curies":[{"name":"wp","href":"https:\/\/api.w.org\/{rel}","templated":true}]}}