{"id":865,"date":"2014-03-31T14:34:51","date_gmt":"2014-03-31T17:34:51","guid":{"rendered":"https:\/\/wp.ufpel.edu.br\/esef\/?p=865"},"modified":"2014-03-31T14:36:11","modified_gmt":"2014-03-31T17:36:11","slug":"atencao-esef-com-vagas-para-portadores-de-titulos","status":"publish","type":"post","link":"https:\/\/wp.ufpel.edu.br\/esef\/2014\/03\/atencao-esef-com-vagas-para-portadores-de-titulos\/","title":{"rendered":"Aten\u00e7\u00e3o! ESEF com vagas para portadores de t\u00edtulos."},"content":{"rendered":"<p>Em anexo os crit\u00e9rios e o edital\u00a0 para concorrer as vagas como portador de t\u00edtulo.<\/p>\n<p><strong>Crit\u00e9rios:<\/strong>\u00a0<a href=\"https:\/\/wp.ufpel.edu.br\/esef\/files\/2014\/03\/Edital-2014-1-Portadores-de-titulos-criterios-1.pdf\"> Edital 2014-1 Portadores de titulos &#8211; criterios <\/a><\/p>\n<p><strong>EDITAL N\u00ba 012\/2014 Retificado em 28\/03 \u00e0s 11h (item 1.8):<\/strong>\u00a0 <a href=\"https:\/\/wp.ufpel.edu.br\/esef\/files\/2014\/03\/Edital_012_2014_retif.pdf\">Edital_012_2014_retif<\/a><\/p>\n","protected":false},"excerpt":{"rendered":"<p>Em anexo os crit\u00e9rios e o edital\u00a0 para concorrer as vagas como portador de t\u00edtulo. Crit\u00e9rios:\u00a0 Edital 2014-1 Portadores de titulos &#8211; criterios EDITAL N\u00ba 012\/2014 Retificado em 28\/03 \u00e0s 11h (item 1.8):\u00a0 Edital_012_2014_retif<\/p>\n","protected":false},"author":289,"featured_media":0,"comment_status":"closed","ping_status":"closed","sticky":false,"template":"","format":"standard","meta":{"footnotes":""},"categories":[18],"tags":[],"class_list":["post-865","post","type-post","status-publish","format-standard","hentry","category-sem-categoria"],"jetpack_featured_media_url":"","_links":{"self":[{"href":"https:\/\/wp.ufpel.edu.br\/esef\/wp-json\/wp\/v2\/posts\/865","targetHints":{"allow":["GET"]}}],"collection":[{"href":"https:\/\/wp.ufpel.edu.br\/esef\/wp-json\/wp\/v2\/posts"}],"about":[{"href":"https:\/\/wp.ufpel.edu.br\/esef\/wp-json\/wp\/v2\/types\/post"}],"author":[{"embeddable":true,"href":"https:\/\/wp.ufpel.edu.br\/esef\/wp-json\/wp\/v2\/users\/289"}],"replies":[{"embeddable":true,"href":"https:\/\/wp.ufpel.edu.br\/esef\/wp-json\/wp\/v2\/comments?post=865"}],"version-history":[{"count":2,"href":"https:\/\/wp.ufpel.edu.br\/esef\/wp-json\/wp\/v2\/posts\/865\/revisions"}],"predecessor-version":[{"id":869,"href":"https:\/\/wp.ufpel.edu.br\/esef\/wp-json\/wp\/v2\/posts\/865\/revisions\/869"}],"wp:attachment":[{"href":"https:\/\/wp.ufpel.edu.br\/esef\/wp-json\/wp\/v2\/media?parent=865"}],"wp:term":[{"taxonomy":"category","embeddable":true,"href":"https:\/\/wp.ufpel.edu.br\/esef\/wp-json\/wp\/v2\/categories?post=865"},{"taxonomy":"post_tag","embeddable":true,"href":"https:\/\/wp.ufpel.edu.br\/esef\/wp-json\/wp\/v2\/tags?post=865"}],"curies":[{"name":"wp","href":"https:\/\/api.w.org\/{rel}","templated":true}]}}