{"id":856,"date":"2014-03-28T14:06:27","date_gmt":"2014-03-28T17:06:27","guid":{"rendered":"https:\/\/wp.ufpel.edu.br\/esef\/?p=856"},"modified":"2014-03-28T14:06:27","modified_gmt":"2014-03-28T17:06:27","slug":"seminario-integrado-com-grupos-de-licenciatura-na-ufpel","status":"publish","type":"post","link":"https:\/\/wp.ufpel.edu.br\/esef\/2014\/03\/seminario-integrado-com-grupos-de-licenciatura-na-ufpel\/","title":{"rendered":"Semin\u00e1rio Integrado com Grupos de Licenciatura na UFPel"},"content":{"rendered":"<p><a href=\"https:\/\/wp.ufpel.edu.br\/esef\/files\/2014\/03\/Seminario_Divulgacao.jpg\"><img class=\"alignleft size-medium wp-image-857\" alt=\"Seminario_Divulgacao\" src=\"https:\/\/wp.ufpel.edu.br\/esef\/files\/2014\/03\/Seminario_Divulgacao-213x300.jpg\" width=\"213\" height=\"300\" srcset=\"https:\/\/wp.ufpel.edu.br\/esef\/files\/2014\/03\/Seminario_Divulgacao-213x300.jpg 213w, https:\/\/wp.ufpel.edu.br\/esef\/files\/2014\/03\/Seminario_Divulgacao.jpg 287w\" sizes=\"(max-width: 213px) 100vw, 213px\" \/><\/a>Aten\u00e7\u00e3o alunos dos cursos de Licenciatura Diurno e Noturno: entre os dias 14 e 16 de abril estaremos diretamente envolvidos no Semin\u00e1rio Integrado com Grupos de Licenciatura na UFPel. Neste evento ser\u00e3o discutidos diferentes aspectos acerca das potencialidades e dificuldades relacionadas ao curr\u00edculo dos cursos de licenciatura. N\u00e3o h\u00e1 d\u00favidas de que valer\u00e1 muito a pena!<\/p>\n<p>Em breve haver\u00e1 uma pr\u00e9-inscri\u00e7\u00e3o do evento. Fique atento!<\/p>\n<p>Atenciosamente,<\/p>\n<p>Colegiados de Curso e Dire\u00e7\u00e3o<\/p>\n","protected":false},"excerpt":{"rendered":"<p>Aten\u00e7\u00e3o alunos dos cursos de Licenciatura Diurno e Noturno: entre os dias 14 e 16 de abril estaremos diretamente envolvidos no Semin\u00e1rio Integrado com Grupos de Licenciatura na UFPel. Neste evento ser\u00e3o discutidos diferentes aspectos acerca das potencialidades e dificuldades relacionadas ao curr\u00edculo dos cursos de licenciatura. N\u00e3o h\u00e1 d\u00favidas de que valer\u00e1 muito a [&hellip;]<\/p>\n","protected":false},"author":289,"featured_media":857,"comment_status":"closed","ping_status":"closed","sticky":false,"template":"","format":"standard","meta":{"footnotes":""},"categories":[18],"tags":[],"class_list":["post-856","post","type-post","status-publish","format-standard","has-post-thumbnail","hentry","category-sem-categoria"],"jetpack_featured_media_url":"https:\/\/wp.ufpel.edu.br\/esef\/files\/2014\/03\/Seminario_Divulgacao.jpg","_links":{"self":[{"href":"https:\/\/wp.ufpel.edu.br\/esef\/wp-json\/wp\/v2\/posts\/856","targetHints":{"allow":["GET"]}}],"collection":[{"href":"https:\/\/wp.ufpel.edu.br\/esef\/wp-json\/wp\/v2\/posts"}],"about":[{"href":"https:\/\/wp.ufpel.edu.br\/esef\/wp-json\/wp\/v2\/types\/post"}],"author":[{"embeddable":true,"href":"https:\/\/wp.ufpel.edu.br\/esef\/wp-json\/wp\/v2\/users\/289"}],"replies":[{"embeddable":true,"href":"https:\/\/wp.ufpel.edu.br\/esef\/wp-json\/wp\/v2\/comments?post=856"}],"version-history":[{"count":1,"href":"https:\/\/wp.ufpel.edu.br\/esef\/wp-json\/wp\/v2\/posts\/856\/revisions"}],"predecessor-version":[{"id":858,"href":"https:\/\/wp.ufpel.edu.br\/esef\/wp-json\/wp\/v2\/posts\/856\/revisions\/858"}],"wp:featuredmedia":[{"embeddable":true,"href":"https:\/\/wp.ufpel.edu.br\/esef\/wp-json\/wp\/v2\/media\/857"}],"wp:attachment":[{"href":"https:\/\/wp.ufpel.edu.br\/esef\/wp-json\/wp\/v2\/media?parent=856"}],"wp:term":[{"taxonomy":"category","embeddable":true,"href":"https:\/\/wp.ufpel.edu.br\/esef\/wp-json\/wp\/v2\/categories?post=856"},{"taxonomy":"post_tag","embeddable":true,"href":"https:\/\/wp.ufpel.edu.br\/esef\/wp-json\/wp\/v2\/tags?post=856"}],"curies":[{"name":"wp","href":"https:\/\/api.w.org\/{rel}","templated":true}]}}