{"id":818,"date":"2014-03-06T21:59:13","date_gmt":"2014-03-07T00:59:13","guid":{"rendered":"https:\/\/wp.ufpel.edu.br\/esef\/?p=818"},"modified":"2014-03-07T11:07:24","modified_gmt":"2014-03-07T14:07:24","slug":"praticas-desportivas-na-ufpel-20141","status":"publish","type":"post","link":"https:\/\/wp.ufpel.edu.br\/esef\/2014\/03\/praticas-desportivas-na-ufpel-20141\/","title":{"rendered":"Pr\u00e1ticas Desportivas na UFPel \u2013 2014\/1"},"content":{"rendered":"<p>O Colegiado de Cursos da Escola Superior de Educa\u00e7\u00e3o F\u00edsica informa que as turmas de Pr\u00e1tica Desportiva ofertadas no banco de optativas ter\u00e3o suas aulas desenvolvidas no Campus Cap\u00e3o do Le\u00e3o, envolvendo atividades de muscula\u00e7\u00e3o. A responsabilidade pelas turmas ser\u00e1 do Prof. Volmar Nunes.<\/p>\n<p>As turmas de Pr\u00e1tica Desportiva V &#8211; Dan\u00e7a foram equivocadamente disponibilizadas na matr\u00edcula online. Essas turmas ser\u00e3o canceladas.<\/p>\n","protected":false},"excerpt":{"rendered":"<p>O Colegiado de Cursos da Escola Superior de Educa\u00e7\u00e3o F\u00edsica informa que as turmas de Pr\u00e1tica Desportiva ofertadas no banco de optativas ter\u00e3o suas aulas desenvolvidas no Campus Cap\u00e3o do Le\u00e3o, envolvendo atividades de muscula\u00e7\u00e3o. A responsabilidade pelas turmas ser\u00e1 do Prof. Volmar Nunes. As turmas de Pr\u00e1tica Desportiva V &#8211; Dan\u00e7a foram equivocadamente disponibilizadas [&hellip;]<\/p>\n","protected":false},"author":289,"featured_media":0,"comment_status":"closed","ping_status":"closed","sticky":false,"template":"","format":"standard","meta":{"footnotes":""},"categories":[18],"tags":[],"class_list":["post-818","post","type-post","status-publish","format-standard","hentry","category-sem-categoria"],"jetpack_featured_media_url":"","_links":{"self":[{"href":"https:\/\/wp.ufpel.edu.br\/esef\/wp-json\/wp\/v2\/posts\/818","targetHints":{"allow":["GET"]}}],"collection":[{"href":"https:\/\/wp.ufpel.edu.br\/esef\/wp-json\/wp\/v2\/posts"}],"about":[{"href":"https:\/\/wp.ufpel.edu.br\/esef\/wp-json\/wp\/v2\/types\/post"}],"author":[{"embeddable":true,"href":"https:\/\/wp.ufpel.edu.br\/esef\/wp-json\/wp\/v2\/users\/289"}],"replies":[{"embeddable":true,"href":"https:\/\/wp.ufpel.edu.br\/esef\/wp-json\/wp\/v2\/comments?post=818"}],"version-history":[{"count":3,"href":"https:\/\/wp.ufpel.edu.br\/esef\/wp-json\/wp\/v2\/posts\/818\/revisions"}],"predecessor-version":[{"id":823,"href":"https:\/\/wp.ufpel.edu.br\/esef\/wp-json\/wp\/v2\/posts\/818\/revisions\/823"}],"wp:attachment":[{"href":"https:\/\/wp.ufpel.edu.br\/esef\/wp-json\/wp\/v2\/media?parent=818"}],"wp:term":[{"taxonomy":"category","embeddable":true,"href":"https:\/\/wp.ufpel.edu.br\/esef\/wp-json\/wp\/v2\/categories?post=818"},{"taxonomy":"post_tag","embeddable":true,"href":"https:\/\/wp.ufpel.edu.br\/esef\/wp-json\/wp\/v2\/tags?post=818"}],"curies":[{"name":"wp","href":"https:\/\/api.w.org\/{rel}","templated":true}]}}