{"id":5590,"date":"2026-02-12T12:02:08","date_gmt":"2026-02-12T15:02:08","guid":{"rendered":"https:\/\/wp.ufpel.edu.br\/esef\/?p=5590"},"modified":"2026-02-12T12:02:08","modified_gmt":"2026-02-12T15:02:08","slug":"nota-de-pesar-12","status":"publish","type":"post","link":"https:\/\/wp.ufpel.edu.br\/esef\/2026\/02\/nota-de-pesar-12\/","title":{"rendered":"Nota de Pesar"},"content":{"rendered":"<p>A Comunidade acad\u00eamica da Escola Superior de Educa\u00e7\u00e3o F\u00edsica e Fisioterapia \u2013 ESEF, por meio dos seus docentes, discentes, t\u00e9cnicos administrativos e terceirizados \u2013 solidariza-se ao professor Marcelo Cozzensa da Silva e demais familiares pelo falecimento de sua m\u00e3e, a Sra. HELOISA REGGIO COZZENSA. Os atos f\u00fanebres ocorrer\u00e3o na capela A1 da Santa Casa de Rio Grande, Av. Presidente Vargas, 330. &#8211; Rio Grande &#8211; das 13:00 \u00e0s 17:00 horas.<\/p>\n","protected":false},"excerpt":{"rendered":"<p>A Comunidade acad\u00eamica da Escola Superior de Educa\u00e7\u00e3o F\u00edsica e Fisioterapia \u2013 ESEF, por meio dos seus docentes, discentes, t\u00e9cnicos administrativos e terceirizados \u2013 solidariza-se ao professor Marcelo Cozzensa da Silva e demais familiares pelo falecimento de sua m\u00e3e, a Sra. HELOISA REGGIO COZZENSA. Os atos f\u00fanebres ocorrer\u00e3o na capela A1 da Santa Casa de [&hellip;]<\/p>\n","protected":false},"author":1496,"featured_media":0,"comment_status":"closed","ping_status":"closed","sticky":false,"template":"","format":"standard","meta":{"footnotes":""},"categories":[18],"tags":[],"class_list":["post-5590","post","type-post","status-publish","format-standard","hentry","category-sem-categoria"],"jetpack_featured_media_url":"","_links":{"self":[{"href":"https:\/\/wp.ufpel.edu.br\/esef\/wp-json\/wp\/v2\/posts\/5590","targetHints":{"allow":["GET"]}}],"collection":[{"href":"https:\/\/wp.ufpel.edu.br\/esef\/wp-json\/wp\/v2\/posts"}],"about":[{"href":"https:\/\/wp.ufpel.edu.br\/esef\/wp-json\/wp\/v2\/types\/post"}],"author":[{"embeddable":true,"href":"https:\/\/wp.ufpel.edu.br\/esef\/wp-json\/wp\/v2\/users\/1496"}],"replies":[{"embeddable":true,"href":"https:\/\/wp.ufpel.edu.br\/esef\/wp-json\/wp\/v2\/comments?post=5590"}],"version-history":[{"count":1,"href":"https:\/\/wp.ufpel.edu.br\/esef\/wp-json\/wp\/v2\/posts\/5590\/revisions"}],"predecessor-version":[{"id":5592,"href":"https:\/\/wp.ufpel.edu.br\/esef\/wp-json\/wp\/v2\/posts\/5590\/revisions\/5592"}],"wp:attachment":[{"href":"https:\/\/wp.ufpel.edu.br\/esef\/wp-json\/wp\/v2\/media?parent=5590"}],"wp:term":[{"taxonomy":"category","embeddable":true,"href":"https:\/\/wp.ufpel.edu.br\/esef\/wp-json\/wp\/v2\/categories?post=5590"},{"taxonomy":"post_tag","embeddable":true,"href":"https:\/\/wp.ufpel.edu.br\/esef\/wp-json\/wp\/v2\/tags?post=5590"}],"curies":[{"name":"wp","href":"https:\/\/api.w.org\/{rel}","templated":true}]}}