{"id":5070,"date":"2024-09-02T10:04:48","date_gmt":"2024-09-02T13:04:48","guid":{"rendered":"https:\/\/wp.ufpel.edu.br\/esef\/?p=5070"},"modified":"2024-09-02T10:04:48","modified_gmt":"2024-09-02T13:04:48","slug":"nota-de-repudio-racismo","status":"publish","type":"post","link":"https:\/\/wp.ufpel.edu.br\/esef\/2024\/09\/nota-de-repudio-racismo\/","title":{"rendered":"NOTA DE REP\u00daDIO &#8211; RACISMO"},"content":{"rendered":"<p>A dire\u00e7\u00e3o da Escola Superior de Educa\u00e7\u00e3o F\u00edsica e Fisioterapia da Universidade Federal de Pelotas (ESEF\/UFPel) vem por meio desta nota manifestar seu rep\u00fadio e indigna\u00e7\u00e3o a todo e qualquer ato de racismo. Nossa unidade sempre teve e sempre ter\u00e1 essa postura. No entanto, a publiciza\u00e7\u00e3o dessa nota \u00e9 necess\u00e1ria tendo em vista o ato racista sofrido pelo docente de nossa unidade, Eraldo dos Santos Pinheiro. O ato ocorreu e um grupo de aplicativo instant\u00e2neo de mensagens. Uma pessoa que integra esse grupo fez um print de parte da conversa onde os atos racistas contra o professor Eraldo foram escritos e compartilhou em uma p\u00e1gina de uma rede social. A ESEF se solidariza com o professor Eraldo em espec\u00edfico, mas tamb\u00e9m com todas as pessoas negras da ESEF, da UFPel e da sociedade como um todo. Racismo \u00e9 crime! Por fim, a dire\u00e7\u00e3o da ESEF reitera seu o compromisso com o enfrentamento e o combate ao racismo e a todo tipo de discrimina\u00e7\u00e3o.<\/p>\n<p>Gabriel Gustavo Bergmann<br \/>\nDiretor \u2013 ESEF\/UFPEL<\/p>\n","protected":false},"excerpt":{"rendered":"<p>A dire\u00e7\u00e3o da Escola Superior de Educa\u00e7\u00e3o F\u00edsica e Fisioterapia da Universidade Federal de Pelotas (ESEF\/UFPel) vem por meio desta nota manifestar seu rep\u00fadio e indigna\u00e7\u00e3o a todo e qualquer ato de racismo. Nossa unidade sempre teve e sempre ter\u00e1 essa postura. No entanto, a publiciza\u00e7\u00e3o dessa nota \u00e9 necess\u00e1ria tendo em vista o ato [&hellip;]<\/p>\n","protected":false},"author":289,"featured_media":0,"comment_status":"closed","ping_status":"closed","sticky":false,"template":"","format":"standard","meta":{"footnotes":""},"categories":[18],"tags":[],"class_list":["post-5070","post","type-post","status-publish","format-standard","hentry","category-sem-categoria"],"jetpack_featured_media_url":"","_links":{"self":[{"href":"https:\/\/wp.ufpel.edu.br\/esef\/wp-json\/wp\/v2\/posts\/5070","targetHints":{"allow":["GET"]}}],"collection":[{"href":"https:\/\/wp.ufpel.edu.br\/esef\/wp-json\/wp\/v2\/posts"}],"about":[{"href":"https:\/\/wp.ufpel.edu.br\/esef\/wp-json\/wp\/v2\/types\/post"}],"author":[{"embeddable":true,"href":"https:\/\/wp.ufpel.edu.br\/esef\/wp-json\/wp\/v2\/users\/289"}],"replies":[{"embeddable":true,"href":"https:\/\/wp.ufpel.edu.br\/esef\/wp-json\/wp\/v2\/comments?post=5070"}],"version-history":[{"count":1,"href":"https:\/\/wp.ufpel.edu.br\/esef\/wp-json\/wp\/v2\/posts\/5070\/revisions"}],"predecessor-version":[{"id":5072,"href":"https:\/\/wp.ufpel.edu.br\/esef\/wp-json\/wp\/v2\/posts\/5070\/revisions\/5072"}],"wp:attachment":[{"href":"https:\/\/wp.ufpel.edu.br\/esef\/wp-json\/wp\/v2\/media?parent=5070"}],"wp:term":[{"taxonomy":"category","embeddable":true,"href":"https:\/\/wp.ufpel.edu.br\/esef\/wp-json\/wp\/v2\/categories?post=5070"},{"taxonomy":"post_tag","embeddable":true,"href":"https:\/\/wp.ufpel.edu.br\/esef\/wp-json\/wp\/v2\/tags?post=5070"}],"curies":[{"name":"wp","href":"https:\/\/api.w.org\/{rel}","templated":true}]}}