{"id":2008,"date":"2016-06-13T15:57:50","date_gmt":"2016-06-13T18:57:50","guid":{"rendered":"https:\/\/wp.ufpel.edu.br\/esef\/?p=2008"},"modified":"2016-06-13T16:08:34","modified_gmt":"2016-06-13T19:08:34","slug":"atencao-formandos-licenciatura-e-bacharelado-diurno","status":"publish","type":"post","link":"https:\/\/wp.ufpel.edu.br\/esef\/2016\/06\/atencao-formandos-licenciatura-e-bacharelado-diurno\/","title":{"rendered":"ATEN\u00c7\u00c3O FORMANDOS &#8211; LICENCIATURA E BACHARELADO DIURNO"},"content":{"rendered":"<p><span style=\"font-size: 12pt\">Alunos que ir\u00e3o se formar no final do semestre vigente (2016-1) devem comparecer no Colegiado ou manifestarem por email at\u00e9 o dia 24\/06 o interesse em realizar a formatura interna ao final do per\u00edodo.<\/span><\/p>\n<p><span style=\"font-size: 12pt\">Contato: <a href=\"mailto:colegiadoesefufpel@gmail.com\">colegiadoesefufpel@gmail.com<\/a><\/span><\/p>\n<p><span style=\"font-size: 12pt\">Att,<\/span><\/p>\n<p><span style=\"font-size: 12pt\">Coordena\u00e7\u00e3o dos Cursos de Licenciatura e Bacharelado<\/span><\/p>\n<p>&nbsp;<\/p>\n","protected":false},"excerpt":{"rendered":"<p>Alunos que ir\u00e3o se formar no final do semestre vigente (2016-1) devem comparecer no Colegiado ou manifestarem por email at\u00e9 o dia 24\/06 o interesse em realizar a formatura interna ao final do per\u00edodo. Contato: colegiadoesefufpel@gmail.com Att, Coordena\u00e7\u00e3o dos Cursos de Licenciatura e Bacharelado &nbsp;<\/p>\n","protected":false},"author":289,"featured_media":2001,"comment_status":"closed","ping_status":"closed","sticky":false,"template":"","format":"standard","meta":{"footnotes":""},"categories":[46689,18],"tags":[],"class_list":["post-2008","post","type-post","status-publish","format-standard","has-post-thumbnail","hentry","category-informes-academicos","category-sem-categoria"],"jetpack_featured_media_url":"https:\/\/wp.ufpel.edu.br\/esef\/files\/2016\/06\/marca_cores-03-AC.png","_links":{"self":[{"href":"https:\/\/wp.ufpel.edu.br\/esef\/wp-json\/wp\/v2\/posts\/2008","targetHints":{"allow":["GET"]}}],"collection":[{"href":"https:\/\/wp.ufpel.edu.br\/esef\/wp-json\/wp\/v2\/posts"}],"about":[{"href":"https:\/\/wp.ufpel.edu.br\/esef\/wp-json\/wp\/v2\/types\/post"}],"author":[{"embeddable":true,"href":"https:\/\/wp.ufpel.edu.br\/esef\/wp-json\/wp\/v2\/users\/289"}],"replies":[{"embeddable":true,"href":"https:\/\/wp.ufpel.edu.br\/esef\/wp-json\/wp\/v2\/comments?post=2008"}],"version-history":[{"count":3,"href":"https:\/\/wp.ufpel.edu.br\/esef\/wp-json\/wp\/v2\/posts\/2008\/revisions"}],"predecessor-version":[{"id":2012,"href":"https:\/\/wp.ufpel.edu.br\/esef\/wp-json\/wp\/v2\/posts\/2008\/revisions\/2012"}],"wp:featuredmedia":[{"embeddable":true,"href":"https:\/\/wp.ufpel.edu.br\/esef\/wp-json\/wp\/v2\/media\/2001"}],"wp:attachment":[{"href":"https:\/\/wp.ufpel.edu.br\/esef\/wp-json\/wp\/v2\/media?parent=2008"}],"wp:term":[{"taxonomy":"category","embeddable":true,"href":"https:\/\/wp.ufpel.edu.br\/esef\/wp-json\/wp\/v2\/categories?post=2008"},{"taxonomy":"post_tag","embeddable":true,"href":"https:\/\/wp.ufpel.edu.br\/esef\/wp-json\/wp\/v2\/tags?post=2008"}],"curies":[{"name":"wp","href":"https:\/\/api.w.org\/{rel}","templated":true}]}}