{"id":1542,"date":"2015-05-15T17:16:40","date_gmt":"2015-05-15T20:16:40","guid":{"rendered":"https:\/\/wp.ufpel.edu.br\/esef\/?p=1542"},"modified":"2015-05-15T17:16:40","modified_gmt":"2015-05-15T20:16:40","slug":"labneuro-no-xvi-congresso-brasileiro-de-biomecanica","status":"publish","type":"post","link":"https:\/\/wp.ufpel.edu.br\/esef\/2015\/05\/labneuro-no-xvi-congresso-brasileiro-de-biomecanica\/","title":{"rendered":"LABNEURO NO XVI CONGRESSO BRASILEIRO DE BIOMEC\u00c2NICA"},"content":{"rendered":"<p>&nbsp;<\/p>\n<p>O LabNeuro, coordenado pelas professoras Cristine Alberton e Stephanie Pinto, e seu grupo de estudantes de gradua\u00e7\u00e3o e p\u00f3s-gradua\u00e7\u00e3o, esteve presente no XVI Congresso Brasileiro de Biomec\u00e2nica, realizado de 6 a 9 de maio de 2015 em Florian\u00f3polis.<\/p>\n<p><a href=\"https:\/\/wp.ufpel.edu.br\/esef\/files\/2015\/05\/image.jpg\"><img class=\"alignleft size-medium wp-image-1547\" src=\"https:\/\/wp.ufpel.edu.br\/esef\/files\/2015\/05\/image-300x225.jpg\" alt=\"image\" width=\"300\" height=\"225\" srcset=\"https:\/\/wp.ufpel.edu.br\/esef\/files\/2015\/05\/image-300x225.jpg 300w, https:\/\/wp.ufpel.edu.br\/esef\/files\/2015\/05\/image-1024x768.jpg 1024w\" sizes=\"(max-width: 300px) 100vw, 300px\" \/><\/a><\/p>\n<p>&nbsp;<\/p>\n","protected":false},"excerpt":{"rendered":"<p>&nbsp; O LabNeuro, coordenado pelas professoras Cristine Alberton e Stephanie Pinto, e seu grupo de estudantes de gradua\u00e7\u00e3o e p\u00f3s-gradua\u00e7\u00e3o, esteve presente no XVI Congresso Brasileiro de Biomec\u00e2nica, realizado de 6 a 9 de maio de 2015 em Florian\u00f3polis. &nbsp;<\/p>\n","protected":false},"author":289,"featured_media":0,"comment_status":"closed","ping_status":"closed","sticky":false,"template":"","format":"standard","meta":{"footnotes":""},"categories":[9259],"tags":[],"class_list":["post-1542","post","type-post","status-publish","format-standard","hentry","category-eventos"],"jetpack_featured_media_url":"","_links":{"self":[{"href":"https:\/\/wp.ufpel.edu.br\/esef\/wp-json\/wp\/v2\/posts\/1542","targetHints":{"allow":["GET"]}}],"collection":[{"href":"https:\/\/wp.ufpel.edu.br\/esef\/wp-json\/wp\/v2\/posts"}],"about":[{"href":"https:\/\/wp.ufpel.edu.br\/esef\/wp-json\/wp\/v2\/types\/post"}],"author":[{"embeddable":true,"href":"https:\/\/wp.ufpel.edu.br\/esef\/wp-json\/wp\/v2\/users\/289"}],"replies":[{"embeddable":true,"href":"https:\/\/wp.ufpel.edu.br\/esef\/wp-json\/wp\/v2\/comments?post=1542"}],"version-history":[{"count":2,"href":"https:\/\/wp.ufpel.edu.br\/esef\/wp-json\/wp\/v2\/posts\/1542\/revisions"}],"predecessor-version":[{"id":1548,"href":"https:\/\/wp.ufpel.edu.br\/esef\/wp-json\/wp\/v2\/posts\/1542\/revisions\/1548"}],"wp:attachment":[{"href":"https:\/\/wp.ufpel.edu.br\/esef\/wp-json\/wp\/v2\/media?parent=1542"}],"wp:term":[{"taxonomy":"category","embeddable":true,"href":"https:\/\/wp.ufpel.edu.br\/esef\/wp-json\/wp\/v2\/categories?post=1542"},{"taxonomy":"post_tag","embeddable":true,"href":"https:\/\/wp.ufpel.edu.br\/esef\/wp-json\/wp\/v2\/tags?post=1542"}],"curies":[{"name":"wp","href":"https:\/\/api.w.org\/{rel}","templated":true}]}}