{"id":1513,"date":"2015-05-04T14:26:54","date_gmt":"2015-05-04T17:26:54","guid":{"rendered":"https:\/\/wp.ufpel.edu.br\/esef\/?p=1513"},"modified":"2015-05-04T14:26:54","modified_gmt":"2015-05-04T17:26:54","slug":"bolsas-de-iniciacao-ao-ensino","status":"publish","type":"post","link":"https:\/\/wp.ufpel.edu.br\/esef\/2015\/05\/bolsas-de-iniciacao-ao-ensino\/","title":{"rendered":"BOLSAS DE INICIA\u00c7\u00c3O AO ENSINO"},"content":{"rendered":"<div><\/div>\n<div>2 vagas para o projeto de Treinamento de For\u00e7a para popula\u00e7\u00f5es especiais.<\/div>\n<div>1 vaga para monitoria em Introdu\u00e7\u00e3o a Educa\u00e7\u00e3o F\u00edsica: Enfoque na Escola.<\/div>\n<div><\/div>\n<div>Editais em anexo.<\/div>\n<div><\/div>\n<div><a href=\"https:\/\/wp.ufpel.edu.br\/esef\/files\/2015\/05\/EDITAL_IN-Bolsas-2015-PRG-treinamento.pdf\">EDITAL_IN-Bolsas-2015-PRG treinamento<\/a><\/div>\n<div><a href=\"https:\/\/wp.ufpel.edu.br\/esef\/files\/2015\/05\/edital-IN-Bolsas-2015-PRG-INTRODU\u00c7AO.pdf\">edital IN-Bolsas-2015-PRG INTRODU\u00c7AO<\/a><\/div>\n<div><\/div>\n","protected":false},"excerpt":{"rendered":"<p>2 vagas para o projeto de Treinamento de For\u00e7a para popula\u00e7\u00f5es especiais. 1 vaga para monitoria em Introdu\u00e7\u00e3o a Educa\u00e7\u00e3o F\u00edsica: Enfoque na Escola. Editais em anexo. EDITAL_IN-Bolsas-2015-PRG treinamento edital IN-Bolsas-2015-PRG INTRODU\u00c7AO<\/p>\n","protected":false},"author":289,"featured_media":0,"comment_status":"closed","ping_status":"closed","sticky":false,"template":"","format":"standard","meta":{"footnotes":""},"categories":[74443],"tags":[],"class_list":["post-1513","post","type-post","status-publish","format-standard","hentry","category-selecao-bolsas"],"jetpack_featured_media_url":"","_links":{"self":[{"href":"https:\/\/wp.ufpel.edu.br\/esef\/wp-json\/wp\/v2\/posts\/1513","targetHints":{"allow":["GET"]}}],"collection":[{"href":"https:\/\/wp.ufpel.edu.br\/esef\/wp-json\/wp\/v2\/posts"}],"about":[{"href":"https:\/\/wp.ufpel.edu.br\/esef\/wp-json\/wp\/v2\/types\/post"}],"author":[{"embeddable":true,"href":"https:\/\/wp.ufpel.edu.br\/esef\/wp-json\/wp\/v2\/users\/289"}],"replies":[{"embeddable":true,"href":"https:\/\/wp.ufpel.edu.br\/esef\/wp-json\/wp\/v2\/comments?post=1513"}],"version-history":[{"count":1,"href":"https:\/\/wp.ufpel.edu.br\/esef\/wp-json\/wp\/v2\/posts\/1513\/revisions"}],"predecessor-version":[{"id":1516,"href":"https:\/\/wp.ufpel.edu.br\/esef\/wp-json\/wp\/v2\/posts\/1513\/revisions\/1516"}],"wp:attachment":[{"href":"https:\/\/wp.ufpel.edu.br\/esef\/wp-json\/wp\/v2\/media?parent=1513"}],"wp:term":[{"taxonomy":"category","embeddable":true,"href":"https:\/\/wp.ufpel.edu.br\/esef\/wp-json\/wp\/v2\/categories?post=1513"},{"taxonomy":"post_tag","embeddable":true,"href":"https:\/\/wp.ufpel.edu.br\/esef\/wp-json\/wp\/v2\/tags?post=1513"}],"curies":[{"name":"wp","href":"https:\/\/api.w.org\/{rel}","templated":true}]}}