{"id":1508,"date":"2015-05-04T14:25:28","date_gmt":"2015-05-04T17:25:28","guid":{"rendered":"https:\/\/wp.ufpel.edu.br\/esef\/?p=1508"},"modified":"2015-05-04T14:25:28","modified_gmt":"2015-05-04T17:25:28","slug":"jogos-da-ufpel-chegou-a-hora","status":"publish","type":"post","link":"https:\/\/wp.ufpel.edu.br\/esef\/2015\/05\/jogos-da-ufpel-chegou-a-hora\/","title":{"rendered":"Jogos da UFPel: chegou a hora!"},"content":{"rendered":"<p>&nbsp;<\/p>\n<p>Na pr\u00f3xima 4\u00aa feira (06\/05), \u00e0s 17hs, acontecer\u00e1 o Congresso T\u00e9cnico da competi\u00e7\u00e3o de Handebol masculino e feminino. As inscri\u00e7\u00f5es ser\u00e3o feitas no ato mediante entrega da ficha de inscri\u00e7\u00e3o \u00a0e pagamento da taxa referente \u00e0 participa\u00e7\u00e3o na Fase Classificat\u00f3ria. Os jogos ocorrer\u00e3o na ESEF nos dias 09 e 30\/05.<\/p>\n<p>&nbsp;<\/p>\n<p><strong>Cerim\u00f4nia de Abertura dos Jogos da UFPel<\/strong><\/p>\n<p>&nbsp;<\/p>\n<p>No s\u00e1bado (09\/05) acontecer\u00e1 a cerim\u00f4nia de abertura dos jogos. Assim como foi em 2014, espera-se que este seja mais um momento de emo\u00e7\u00e3o e integra\u00e7\u00e3o entre os atletas dos diferentes cursos da UFPel. A participa\u00e7\u00e3o dos cursos no evento poder\u00e1 render pontos na classifica\u00e7\u00e3o geral dos Jogos. Ano passado, ao final de todas as disputas, o Direito (masculino) e a Medicina (feminino) comemoraram o t\u00edtulo de campe\u00e3o dos Jogos da UFPel.<\/p>\n<p>&nbsp;<\/p>\n<p>Aten\u00e7\u00e3o: os cursos que ir\u00e3o participar da cerim\u00f4nia de abertura devem confirmar por email at\u00e9 5\u00aa feira. Contato: Prof. Mario Azevedo Jr (ESEF) \u2013 <a href=\"mailto:marioazevedojr@terra.com.br\">marioazevedojr@terra.com.br<\/a><\/p>\n<p>&nbsp;<\/p>\n<p>Tudo sobre os Jogos da UFPel podem ser obtidos em: <a href=\"https:\/\/wp.ufpel.edu.br\/jogosufpel\/\">https:\/\/wp.ufpel.edu.br\/jogosufpel\/<\/a><\/p>\n<p>&nbsp;<\/p>\n","protected":false},"excerpt":{"rendered":"<p>&nbsp; Na pr\u00f3xima 4\u00aa feira (06\/05), \u00e0s 17hs, acontecer\u00e1 o Congresso T\u00e9cnico da competi\u00e7\u00e3o de Handebol masculino e feminino. As inscri\u00e7\u00f5es ser\u00e3o feitas no ato mediante entrega da ficha de inscri\u00e7\u00e3o \u00a0e pagamento da taxa referente \u00e0 participa\u00e7\u00e3o na Fase Classificat\u00f3ria. Os jogos ocorrer\u00e3o na ESEF nos dias 09 e 30\/05. &nbsp; Cerim\u00f4nia de Abertura [&hellip;]<\/p>\n","protected":false},"author":289,"featured_media":1176,"comment_status":"closed","ping_status":"closed","sticky":false,"template":"","format":"standard","meta":{"footnotes":""},"categories":[44675],"tags":[],"class_list":["post-1508","post","type-post","status-publish","format-standard","has-post-thumbnail","hentry","category-jogos-ufpel"],"jetpack_featured_media_url":"https:\/\/wp.ufpel.edu.br\/esef\/files\/2014\/08\/Logotipo.jpg","_links":{"self":[{"href":"https:\/\/wp.ufpel.edu.br\/esef\/wp-json\/wp\/v2\/posts\/1508","targetHints":{"allow":["GET"]}}],"collection":[{"href":"https:\/\/wp.ufpel.edu.br\/esef\/wp-json\/wp\/v2\/posts"}],"about":[{"href":"https:\/\/wp.ufpel.edu.br\/esef\/wp-json\/wp\/v2\/types\/post"}],"author":[{"embeddable":true,"href":"https:\/\/wp.ufpel.edu.br\/esef\/wp-json\/wp\/v2\/users\/289"}],"replies":[{"embeddable":true,"href":"https:\/\/wp.ufpel.edu.br\/esef\/wp-json\/wp\/v2\/comments?post=1508"}],"version-history":[{"count":1,"href":"https:\/\/wp.ufpel.edu.br\/esef\/wp-json\/wp\/v2\/posts\/1508\/revisions"}],"predecessor-version":[{"id":1512,"href":"https:\/\/wp.ufpel.edu.br\/esef\/wp-json\/wp\/v2\/posts\/1508\/revisions\/1512"}],"wp:featuredmedia":[{"embeddable":true,"href":"https:\/\/wp.ufpel.edu.br\/esef\/wp-json\/wp\/v2\/media\/1176"}],"wp:attachment":[{"href":"https:\/\/wp.ufpel.edu.br\/esef\/wp-json\/wp\/v2\/media?parent=1508"}],"wp:term":[{"taxonomy":"category","embeddable":true,"href":"https:\/\/wp.ufpel.edu.br\/esef\/wp-json\/wp\/v2\/categories?post=1508"},{"taxonomy":"post_tag","embeddable":true,"href":"https:\/\/wp.ufpel.edu.br\/esef\/wp-json\/wp\/v2\/tags?post=1508"}],"curies":[{"name":"wp","href":"https:\/\/api.w.org\/{rel}","templated":true}]}}