{"id":1499,"date":"2015-04-30T14:10:56","date_gmt":"2015-04-30T17:10:56","guid":{"rendered":"https:\/\/wp.ufpel.edu.br\/esef\/?p=1499"},"modified":"2015-04-30T14:10:56","modified_gmt":"2015-04-30T17:10:56","slug":"edital-de-transferencia-reopcao-reingresso-criterios-esef","status":"publish","type":"post","link":"https:\/\/wp.ufpel.edu.br\/esef\/2015\/04\/edital-de-transferencia-reopcao-reingresso-criterios-esef\/","title":{"rendered":"EDITAL DE TRANSFER\u00caNCIA, REOP\u00c7\u00c3O, REINGRESSO \u2013 CRIT\u00c9RIOS ESEF"},"content":{"rendered":"<p><strong>\u00a0<\/strong><\/p>\n<p>&nbsp;<\/p>\n<p>O Colegiado do Curso de Licenciatura em Educa\u00e7\u00e3o F\u00edsica torna p\u00fablico os crit\u00e9rios para a sele\u00e7\u00e3o do Edital de Transfer\u00eancia, Reop\u00e7\u00e3o e Reingresso.<\/p>\n<p>As vagas s\u00e3o destinadas ao curso NOTURNO.<\/p>\n<p>&nbsp;<\/p>\n<p>&nbsp;<\/p>\n<p>Em anexo.<\/p>\n<p>&nbsp;<\/p>\n<p>Coordena\u00e7\u00e3o Colegiado de Licenciaturas em Educa\u00e7\u00e3o F\u00edsica<\/p>\n<p><a href=\"https:\/\/wp.ufpel.edu.br\/esef\/files\/2015\/04\/TRANFER\u00caNCIA-2015-CRIT\u00c9RIOS.pdf\">TRANFER\u00caNCIA 2015-CRIT\u00c9RIOS<\/a><\/p>\n<p>&nbsp;<\/p>\n","protected":false},"excerpt":{"rendered":"<p>\u00a0 &nbsp; O Colegiado do Curso de Licenciatura em Educa\u00e7\u00e3o F\u00edsica torna p\u00fablico os crit\u00e9rios para a sele\u00e7\u00e3o do Edital de Transfer\u00eancia, Reop\u00e7\u00e3o e Reingresso. As vagas s\u00e3o destinadas ao curso NOTURNO. &nbsp; &nbsp; Em anexo. &nbsp; Coordena\u00e7\u00e3o Colegiado de Licenciaturas em Educa\u00e7\u00e3o F\u00edsica TRANFER\u00caNCIA 2015-CRIT\u00c9RIOS &nbsp;<\/p>\n","protected":false},"author":289,"featured_media":0,"comment_status":"closed","ping_status":"closed","sticky":false,"template":"","format":"standard","meta":{"footnotes":""},"categories":[18],"tags":[],"class_list":["post-1499","post","type-post","status-publish","format-standard","hentry","category-sem-categoria"],"jetpack_featured_media_url":"","_links":{"self":[{"href":"https:\/\/wp.ufpel.edu.br\/esef\/wp-json\/wp\/v2\/posts\/1499","targetHints":{"allow":["GET"]}}],"collection":[{"href":"https:\/\/wp.ufpel.edu.br\/esef\/wp-json\/wp\/v2\/posts"}],"about":[{"href":"https:\/\/wp.ufpel.edu.br\/esef\/wp-json\/wp\/v2\/types\/post"}],"author":[{"embeddable":true,"href":"https:\/\/wp.ufpel.edu.br\/esef\/wp-json\/wp\/v2\/users\/289"}],"replies":[{"embeddable":true,"href":"https:\/\/wp.ufpel.edu.br\/esef\/wp-json\/wp\/v2\/comments?post=1499"}],"version-history":[{"count":1,"href":"https:\/\/wp.ufpel.edu.br\/esef\/wp-json\/wp\/v2\/posts\/1499\/revisions"}],"predecessor-version":[{"id":1501,"href":"https:\/\/wp.ufpel.edu.br\/esef\/wp-json\/wp\/v2\/posts\/1499\/revisions\/1501"}],"wp:attachment":[{"href":"https:\/\/wp.ufpel.edu.br\/esef\/wp-json\/wp\/v2\/media?parent=1499"}],"wp:term":[{"taxonomy":"category","embeddable":true,"href":"https:\/\/wp.ufpel.edu.br\/esef\/wp-json\/wp\/v2\/categories?post=1499"},{"taxonomy":"post_tag","embeddable":true,"href":"https:\/\/wp.ufpel.edu.br\/esef\/wp-json\/wp\/v2\/tags?post=1499"}],"curies":[{"name":"wp","href":"https:\/\/api.w.org\/{rel}","templated":true}]}}