{"id":1484,"date":"2015-04-23T17:27:57","date_gmt":"2015-04-23T20:27:57","guid":{"rendered":"https:\/\/wp.ufpel.edu.br\/esef\/?p=1484"},"modified":"2015-04-23T17:27:57","modified_gmt":"2015-04-23T20:27:57","slug":"coordenacao-cursos-de-licenciatura","status":"publish","type":"post","link":"https:\/\/wp.ufpel.edu.br\/esef\/2015\/04\/coordenacao-cursos-de-licenciatura\/","title":{"rendered":"COORDENA\u00c7\u00c3O CURSOS DE LICENCIATURA"},"content":{"rendered":"<p>Prezados docentes, t\u00e9cnicos administrativos, alunos e funcion\u00e1rios, Venho por meio deste comunicado, agradecer a todos voc\u00eas pela participa\u00e7\u00e3o, colabora\u00e7\u00e3o e compreens\u00e3o nestes dois anos frente ao colegiado.<\/p>\n<p>Foram dois anos de muita aprendizagem. Anos que come\u00e7aram com um Curso Noturno ainda na penumbra e que pouco a pouco foi ganhando vida. Dois anos de muito trabalho sobre os Projetos Pedag\u00f3gicos dos Cursos de Licenciatura com a primeira visita in loco do Minist\u00e9rio de Educa\u00e7\u00e3o, com tudo que isto demanda. Dois anos de muita invers\u00e3o na informa\u00e7\u00e3o e na transpar\u00eancia dos processos vinculados ao colegiado, come\u00e7ando por receber os alunos do primeiro semestre com a apresenta\u00e7\u00e3o do funcionamento do curso, com todas as suas possibilidades e aquelas que a ESEF proporciona para o enriquecimento de sua forma\u00e7\u00e3o, m\u00e9rito alcan\u00e7ado juntamente com a colabora\u00e7\u00e3o do PET e da Dire\u00e7\u00e3o. Vivenciamos a inser\u00e7\u00e3o do Cobalto no nosso cotidiano, com muitas cr\u00edticas e resist\u00eancias e sa\u00edmos a diante. Implantamos a nova proposta de funcionamento do N\u00facleo Docente Estruturante conformando um importante grupo de trabalho voltado nas decis\u00f5es pedag\u00f3gicas, que vem trabalhando sobre v\u00e1rias quest\u00f5es que n\u00e3o estavam claras nos nossos Projetos como, por exemplo, no que tange aos Est\u00e1gios Supervisionados. Trabalho este que tem sido realizado n\u00e3o s\u00f3 dentro de nossa casa ESEF, sen\u00e3o tamb\u00e9m na Secretaria Municipal de Educa\u00e7\u00e3o e Desporto, na 5\u00ba CRE, e nas diferentes escolas municipais, estaduais e federais. Retomamos o processo de avalia\u00e7\u00e3o dos nossos cursos, permitindo aos alunos manifestarem oficialmente sua opini\u00e3o. Quest\u00f5es essas que v\u00e3o al\u00e9m do dia a dia do nosso colegiado, dia a dia de matr\u00edculas (solicita\u00e7\u00e3o, corre\u00e7\u00e3o, matr\u00edcula especial, trancamento de disciplinas, trancamento geral de matr\u00edcula), aproveitamentos, orienta\u00e7\u00f5es, gest\u00e3o com outros departamentos e coordenadorias externos aos da ESEF. Trabalho que, devido ao atual momento da universidade, n\u00e3o deixou de ser realizado apesar da aus\u00eancia de n\u00famero ideal de funcion\u00e1rios t\u00e9cnicos administrativos e inclusive aus\u00eancia plena no \u00faltimo m\u00eas.<\/p>\n<p>A consecu\u00e7\u00e3o de cada uma dessas tarefas somente foi poss\u00edvel pela participa\u00e7\u00e3o de todos e principalmente pelo apoio da Dire\u00e7\u00e3o, hoje representada pelos Professores Alexandre Carriconde Marques (Diretor) e M\u00e1rio Renato de Azevedo J\u00fanior (Vice\u2010Diretor). Meus mais sinceros agradecimentos!<\/p>\n<p>Sem d\u00favida, este foi s\u00f3 o in\u00edcio de muitas melhorias que se fazem necess\u00e1rias e espero que continuem ocorrendo com o novo Coordenador de Colegiado dos Cursos de Licenciatura, Prof. Francisco Jos\u00e9 Pereira Tavares a quem desejo muito sucesso nesta trajet\u00f3ria e a quem estou passando todas as todas as informa\u00e7\u00f5es e lista de tarefas em andamento.<\/p>\n<p>Prezados t\u00e9cnicos administrativos, colegas e alunos, tamb\u00e9m gostaria de deixar registrados meus mais sinceros agradecimentos por todo o apoio, por toda a compreens\u00e3o e sobretudo, por toda a paci\u00eancia que se fez necess\u00e1ria nesses dois anos.\u00a0\u00a0 Obrigado!!!<\/p>\n<p>&nbsp;<\/p>\n<p>Prof\u00aa Fernanda de Souza Teixeira<\/p>\n","protected":false},"excerpt":{"rendered":"<p>Prezados docentes, t\u00e9cnicos administrativos, alunos e funcion\u00e1rios, Venho por meio deste comunicado, agradecer a todos voc\u00eas pela participa\u00e7\u00e3o, colabora\u00e7\u00e3o e compreens\u00e3o nestes dois anos frente ao colegiado. Foram dois anos de muita aprendizagem. Anos que come\u00e7aram com um Curso Noturno ainda na penumbra e que pouco a pouco foi ganhando vida. Dois anos de muito [&hellip;]<\/p>\n","protected":false},"author":289,"featured_media":0,"comment_status":"closed","ping_status":"closed","sticky":false,"template":"","format":"standard","meta":{"footnotes":""},"categories":[46689],"tags":[],"class_list":["post-1484","post","type-post","status-publish","format-standard","hentry","category-informes-academicos"],"jetpack_featured_media_url":"","_links":{"self":[{"href":"https:\/\/wp.ufpel.edu.br\/esef\/wp-json\/wp\/v2\/posts\/1484","targetHints":{"allow":["GET"]}}],"collection":[{"href":"https:\/\/wp.ufpel.edu.br\/esef\/wp-json\/wp\/v2\/posts"}],"about":[{"href":"https:\/\/wp.ufpel.edu.br\/esef\/wp-json\/wp\/v2\/types\/post"}],"author":[{"embeddable":true,"href":"https:\/\/wp.ufpel.edu.br\/esef\/wp-json\/wp\/v2\/users\/289"}],"replies":[{"embeddable":true,"href":"https:\/\/wp.ufpel.edu.br\/esef\/wp-json\/wp\/v2\/comments?post=1484"}],"version-history":[{"count":1,"href":"https:\/\/wp.ufpel.edu.br\/esef\/wp-json\/wp\/v2\/posts\/1484\/revisions"}],"predecessor-version":[{"id":1485,"href":"https:\/\/wp.ufpel.edu.br\/esef\/wp-json\/wp\/v2\/posts\/1484\/revisions\/1485"}],"wp:attachment":[{"href":"https:\/\/wp.ufpel.edu.br\/esef\/wp-json\/wp\/v2\/media?parent=1484"}],"wp:term":[{"taxonomy":"category","embeddable":true,"href":"https:\/\/wp.ufpel.edu.br\/esef\/wp-json\/wp\/v2\/categories?post=1484"},{"taxonomy":"post_tag","embeddable":true,"href":"https:\/\/wp.ufpel.edu.br\/esef\/wp-json\/wp\/v2\/tags?post=1484"}],"curies":[{"name":"wp","href":"https:\/\/api.w.org\/{rel}","templated":true}]}}